{"id":30339,"date":"2026-01-16T19:44:04","date_gmt":"2026-01-16T22:44:04","guid":{"rendered":"https:\/\/www.rosarioalerta.com.ar\/site\/?p=30339"},"modified":"2026-01-16T19:48:40","modified_gmt":"2026-01-16T22:48:40","slug":"carcel-de-alto-perfil-el-infierno","status":"publish","type":"post","link":"https:\/\/www.rosarioalerta.com.ar\/site\/archivos\/30339","title":{"rendered":"C\u00e1rcel de alto perfil El Infierno"},"content":{"rendered":"\n<p>Pullaro recorri\u00f3 la obra que ya tiene un 40 % de avance<\/p>\n\n\n\n<p>El gobernador supervis\u00f3 los trabajos en la <strong>Unidad Penitenciaria N\u00b0 8<\/strong>, en <strong>Pi\u00f1ero<\/strong>, y ratific\u00f3 la estrategia de aislar a los presos m\u00e1s violentos para cortar v\u00ednculos con el exterior.<\/p>\n\n\n\n<p>El gobernador de Santa Fe, <strong>Maximiliano Pullaro<\/strong>, recorri\u00f3 este viernes la obra de la c\u00e1rcel de alto perfil <strong>El Infierno<\/strong>, ubicada en la <strong>Unidad Penitenciaria N\u00b0 8 de Pi\u00f1ero,<\/strong> donde se construye un complejo destinado a reclusos de m\u00e1xima peligrosidad. La visita se realiz\u00f3 junto al titular de la Unidad Ejecutora de Infraestructura en Seguridad P\u00fablica y Penitenciaria, <strong>Diego Leone<\/strong>. El proyecto registra un avance del 40 % y forma parte del plan provincial de seguridad.<\/p>\n\n\n\n<p>La inspecci\u00f3n se desarroll\u00f3 en el predio situado en la intersecci\u00f3n de las rutas <strong>AO12 y 14<\/strong>. All\u00ed, <strong>Pullaro<\/strong> observ\u00f3 el trabajo simult\u00e1neo de <strong>12 gr\u00faas y m\u00e1s de 400 operarios.<\/strong> La obra contempla una capacidad total de <strong>1.150<\/strong> <strong>plazas<\/strong> para detenidos de alto perfil, con celdas individuales y control estricto del <strong>Servicio Penitenciario<\/strong>.<\/p>\n\n\n\n<p>Seg\u00fan detall\u00f3 el mandatario, a la c\u00e1rcel de alto perfil <strong>El Infierno<\/strong> ser\u00e1n trasladados cerca de <strong>500 internos<\/strong> actualmente clasificados en los tres niveles de alto riesgo de la provincia. El objetivo es profundizar la separaci\u00f3n de los detenidos m\u00e1s conflictivos y reducir su capacidad de comunicaci\u00f3n con el exterior.<\/p>\n\n\n\n<figure class=\"wp-block-embed is-type-video is-provider-youtube wp-block-embed-youtube wp-embed-aspect-16-9 wp-has-aspect-ratio\"><div class=\"wp-block-embed__wrapper\">\n<div class=\"newspaper-x-video-container\"><iframe loading=\"lazy\" title=\"C\u00e1rcel de alto perfil El Infierno\" width=\"750\" height=\"422\" src=\"https:\/\/www.youtube.com\/embed\/50FX9QuzX3U?feature=oembed\" frameborder=\"0\" allow=\"accelerometer; autoplay; clipboard-write; encrypted-media; gyroscope; picture-in-picture; web-share\" referrerpolicy=\"strict-origin-when-cross-origin\" allowfullscreen><\/iframe><\/div>\n<\/div><\/figure>\n\n\n\n<p>&nbsp;\u201cVamos a separar a los presos m\u00e1s violentos para romper el v\u00ednculo con el afuera\u201d, afirm\u00f3 <strong>Pullaro<\/strong> durante la recorrida. Adem\u00e1s, destac\u00f3 que cada interno contar\u00e1 con una celda individual y que el contacto con otros reclusos estar\u00e1 limitado y bajo autorizaci\u00f3n expresa.<\/p>\n\n\n\n<p>Por su parte, <strong>Leone<\/strong> confirm\u00f3 que la obra avanza seg\u00fan los plazos previstos y que se espera su finalizaci\u00f3n para octubre. \u201cEs una inversi\u00f3n hist\u00f3rica en infraestructura penitenciaria\u201d, se\u00f1al\u00f3 el funcionario.<\/p>\n\n\n\n<p>El complejo contar\u00e1 con cuatro m\u00f3dulos, doble muro perimetral, torre de vigilancia de 36 metros, sistema de salud intramuros, salas de comunicaci\u00f3n sin contacto f\u00edsico y helipuerto. <strong>Pullaro<\/strong> record\u00f3 que en un siglo se construyeron 3.500 celdas en Santa Fe, mientras que su gesti\u00f3n prev\u00e9 superar esa cifra en cuatro a\u00f1os, con nuevas c\u00e1rceles y ampliaciones en distintos puntos de la provincia.<\/p>\n\n\n\n<p><strong>Con un 40 % de avance<\/strong>, la c\u00e1rcel de alto perfil <strong>El Infierno<\/strong> se consolida como una pieza central del esquema de seguridad provincial, orientado a mejorar el control penitenciario y reducir el impacto del delito organizado desde el interior de las c\u00e1rceles.<\/p>\n<div class=\"newspaper-x-tags\"><strong>TAGS: <\/strong><span><a href=\"https:\/\/www.rosarioalerta.com.ar\/site\/archivos\/tag\/el-infierno\" rel=\"tag\">El Infierno<\/a><\/span><a href=\"https:\/\/www.rosarioalerta.com.ar\/site\/archivos\/tag\/noticias-de-rosario\" rel=\"tag\">Noticias de Rosario<\/a><\/span><a href=\"https:\/\/www.rosarioalerta.com.ar\/site\/archivos\/tag\/rosario\" rel=\"tag\">Rosario<\/a><\/span><a href=\"https:\/\/www.rosarioalerta.com.ar\/site\/archivos\/tag\/santa-fe\" rel=\"tag\">Santa Fe<\/a><\/span><a href=\"https:\/\/www.rosarioalerta.com.ar\/site\/archivos\/tag\/unidad-penitenciaria-no-8\" rel=\"tag\">Unidad Penitenciaria N\u00ba 8<\/a> <\/div>","protected":false},"excerpt":{"rendered":"<p>Pullaro recorri\u00f3 la obra que ya tiene un 40 % de avance El gobernador supervis\u00f3 los trabajos en la Unidad Penitenciaria N\u00b0 8, en Pi\u00f1ero, y ratific\u00f3 la estrategia de aislar a los presos m\u00e1s violentos para cortar v\u00ednculos con el exterior. El gobernador de Santa Fe, Maximiliano Pullaro, recorri\u00f3 este viernes la obra de [&hellip;]<\/p>\n","protected":false},"author":2,"featured_media":30340,"comment_status":"open","ping_status":"open","sticky":false,"template":"","format":"standard","meta":{"_joinchat":[],"footnotes":""},"categories":[18,21],"tags":[1365,95,55,65,1582],"class_list":["post-30339","post","type-post","status-publish","format-standard","has-post-thumbnail","hentry","category-institucional","category-noticias","tag-el-infierno","tag-noticias-de-rosario","tag-rosario","tag-santa-fe","tag-unidad-penitenciaria-no-8"],"_links":{"self":[{"href":"https:\/\/www.rosarioalerta.com.ar\/site\/wp-json\/wp\/v2\/posts\/30339","targetHints":{"allow":["GET"]}}],"collection":[{"href":"https:\/\/www.rosarioalerta.com.ar\/site\/wp-json\/wp\/v2\/posts"}],"about":[{"href":"https:\/\/www.rosarioalerta.com.ar\/site\/wp-json\/wp\/v2\/types\/post"}],"author":[{"embeddable":true,"href":"https:\/\/www.rosarioalerta.com.ar\/site\/wp-json\/wp\/v2\/users\/2"}],"replies":[{"embeddable":true,"href":"https:\/\/www.rosarioalerta.com.ar\/site\/wp-json\/wp\/v2\/comments?post=30339"}],"version-history":[{"count":2,"href":"https:\/\/www.rosarioalerta.com.ar\/site\/wp-json\/wp\/v2\/posts\/30339\/revisions"}],"predecessor-version":[{"id":30343,"href":"https:\/\/www.rosarioalerta.com.ar\/site\/wp-json\/wp\/v2\/posts\/30339\/revisions\/30343"}],"wp:featuredmedia":[{"embeddable":true,"href":"https:\/\/www.rosarioalerta.com.ar\/site\/wp-json\/wp\/v2\/media\/30340"}],"wp:attachment":[{"href":"https:\/\/www.rosarioalerta.com.ar\/site\/wp-json\/wp\/v2\/media?parent=30339"}],"wp:term":[{"taxonomy":"category","embeddable":true,"href":"https:\/\/www.rosarioalerta.com.ar\/site\/wp-json\/wp\/v2\/categories?post=30339"},{"taxonomy":"post_tag","embeddable":true,"href":"https:\/\/www.rosarioalerta.com.ar\/site\/wp-json\/wp\/v2\/tags?post=30339"}],"curies":[{"name":"wp","href":"https:\/\/api.w.org\/{rel}","templated":true}]}}