{"id":30310,"date":"2026-01-15T17:09:04","date_gmt":"2026-01-15T20:09:04","guid":{"rendered":"https:\/\/www.rosarioalerta.com.ar\/site\/?p=30310"},"modified":"2026-01-15T17:09:06","modified_gmt":"2026-01-15T20:09:06","slug":"violencia-infantil-en-rosario","status":"publish","type":"post","link":"https:\/\/www.rosarioalerta.com.ar\/site\/archivos\/30310","title":{"rendered":"Violencia infantil en Rosario"},"content":{"rendered":"\n<p>La PDI captur\u00f3 a un hombre con pedido de captura, acusado de participar en agresiones contra tres hermanos de entre 2 y 9 a\u00f1os, ocurridas en barrio Las Flores en octubre de 2025<\/p>\n\n\n\n<p>La <strong>Polic\u00eda de Investigaciones<\/strong> (PDI) detuvo en las \u00faltimas horas en Rosario a un hombre buscado por un caso de violencia infantil ocurrido en <strong>octubre de 2025<\/strong>. El arresto se concret\u00f3 en la <strong>zona del Mangrullo<\/strong>, tras tareas de localizaci\u00f3n vinculadas a una causa que investiga agresiones contra tres ni\u00f1os en <strong>barrio Las Flores<\/strong>, al sur de la ciudad. El acusado habr\u00eda actuado junto a su pareja, ya detenida, y qued\u00f3 a disposici\u00f3n de la Justicia provincial.<\/p>\n\n\n\n<p>El <strong>21 de octubre de 2025<\/strong>, personal policial acudi\u00f3 a <strong>Petunia al 1900<\/strong> tras un llamado al 911. En el lugar se detect\u00f3 una situaci\u00f3n de extrema gravedad: <strong>tres hermanos, de 2, 3 y 9 a\u00f1os<\/strong>, presentaban traumatismos y quemaduras. El <strong>SIES<\/strong> constat\u00f3 las lesiones y los menores fueron trasladados al <strong>Hospital de Ni\u00f1os V\u00edctor J. Vilela<\/strong> para su atenci\u00f3n.<\/p>\n\n\n\n<p>La denuncia fue realizada por el padre de los ni\u00f1os, quien acus\u00f3 a su ex pareja y al actual marido de \u00e9sta de las agresiones.<\/p>\n\n\n\n<p>Tras la intervenci\u00f3n inicial, la madre de los menores fue detenida e imputada. La pesquisa determin\u00f3 que los ni\u00f1os habr\u00edan sido golpeados y que la ni\u00f1a de 2 a\u00f1os sufri\u00f3 quemaduras provocadas con cigarrillos. A partir de esos elementos, la Fiscal\u00eda solicit\u00f3 la captura del segundo sospechoso.<\/p>\n\n\n\n<p>Este jueves, la <strong>PDI<\/strong> logr\u00f3 detener a <strong>Ricardo S. (30), <\/strong>quien ten\u00eda un pedido de captura vigente por su presunta participaci\u00f3n en los hechos.<\/p>\n\n\n\n<p>Fuentes del Ministerio de Justicia y Seguridad indicaron que la detenci\u00f3n fue resultado de tareas de inteligencia y seguimiento. La causa est\u00e1 a cargo de la fiscal del \u00c1rea de Violencia de G\u00e9nero del Ministerio P\u00fablico de la Acusaci\u00f3n.<\/p>\n\n\n\n<p>El expediente se tramita en el marco de delitos contra la integridad de ni\u00f1os y ni\u00f1as. Ambos adultos permanecen a disposici\u00f3n judicial, mientras contin\u00faan las medidas para avanzar con la imputaci\u00f3n formal y la protecci\u00f3n integral de las v\u00edctimas.<\/p>\n<div class=\"newspaper-x-tags\"><strong>TAGS: <\/strong><span><a href=\"https:\/\/www.rosarioalerta.com.ar\/site\/archivos\/tag\/noticias-de-rosario\" rel=\"tag\">Noticias de Rosario<\/a><\/span><a href=\"https:\/\/www.rosarioalerta.com.ar\/site\/archivos\/tag\/rosario\" rel=\"tag\">Rosario<\/a><\/span><a href=\"https:\/\/www.rosarioalerta.com.ar\/site\/archivos\/tag\/santa-fe\" rel=\"tag\">Santa Fe<\/a> <\/div>","protected":false},"excerpt":{"rendered":"<p>La PDI captur\u00f3 a un hombre con pedido de captura, acusado de participar en agresiones contra tres hermanos de entre 2 y 9 a\u00f1os, ocurridas en barrio Las Flores en octubre de 2025 La Polic\u00eda de Investigaciones (PDI) detuvo en las \u00faltimas horas en Rosario a un hombre buscado por un caso de violencia infantil [&hellip;]<\/p>\n","protected":false},"author":2,"featured_media":30311,"comment_status":"open","ping_status":"open","sticky":false,"template":"","format":"standard","meta":{"_joinchat":[],"footnotes":""},"categories":[12,11,21,14],"tags":[95,55,65],"class_list":["post-30310","post","type-post","status-publish","format-standard","has-post-thumbnail","hentry","category-allanamientos","category-detenidos","category-noticias","category-policiales","tag-noticias-de-rosario","tag-rosario","tag-santa-fe"],"_links":{"self":[{"href":"https:\/\/www.rosarioalerta.com.ar\/site\/wp-json\/wp\/v2\/posts\/30310","targetHints":{"allow":["GET"]}}],"collection":[{"href":"https:\/\/www.rosarioalerta.com.ar\/site\/wp-json\/wp\/v2\/posts"}],"about":[{"href":"https:\/\/www.rosarioalerta.com.ar\/site\/wp-json\/wp\/v2\/types\/post"}],"author":[{"embeddable":true,"href":"https:\/\/www.rosarioalerta.com.ar\/site\/wp-json\/wp\/v2\/users\/2"}],"replies":[{"embeddable":true,"href":"https:\/\/www.rosarioalerta.com.ar\/site\/wp-json\/wp\/v2\/comments?post=30310"}],"version-history":[{"count":1,"href":"https:\/\/www.rosarioalerta.com.ar\/site\/wp-json\/wp\/v2\/posts\/30310\/revisions"}],"predecessor-version":[{"id":30312,"href":"https:\/\/www.rosarioalerta.com.ar\/site\/wp-json\/wp\/v2\/posts\/30310\/revisions\/30312"}],"wp:featuredmedia":[{"embeddable":true,"href":"https:\/\/www.rosarioalerta.com.ar\/site\/wp-json\/wp\/v2\/media\/30311"}],"wp:attachment":[{"href":"https:\/\/www.rosarioalerta.com.ar\/site\/wp-json\/wp\/v2\/media?parent=30310"}],"wp:term":[{"taxonomy":"category","embeddable":true,"href":"https:\/\/www.rosarioalerta.com.ar\/site\/wp-json\/wp\/v2\/categories?post=30310"},{"taxonomy":"post_tag","embeddable":true,"href":"https:\/\/www.rosarioalerta.com.ar\/site\/wp-json\/wp\/v2\/tags?post=30310"}],"curies":[{"name":"wp","href":"https:\/\/api.w.org\/{rel}","templated":true}]}}