{"id":30307,"date":"2026-01-15T17:07:01","date_gmt":"2026-01-15T20:07:01","guid":{"rendered":"https:\/\/www.rosarioalerta.com.ar\/site\/?p=30307"},"modified":"2026-01-15T17:07:02","modified_gmt":"2026-01-15T20:07:02","slug":"asistieron-a-mas-de-un-centenar-de-victimas","status":"publish","type":"post","link":"https:\/\/www.rosarioalerta.com.ar\/site\/archivos\/30307","title":{"rendered":"Asistieron a m\u00e1s de un centenar de v\u00edctimas"},"content":{"rendered":"\n<p>Desplegaron abordajes interdisciplinarios ante hechos de alta lesividad y conflictos territoriales.<\/p>\n\n\n\n<p>Durante 2025, la <strong>Municipalidad de Rosario<\/strong> realiz\u00f3 <strong>161 intervenciones<\/strong> de <strong>acompa\u00f1amiento a v\u00edctimas y familiares<\/strong> de hechos de violencia. El trabajo fue coordinado por la <strong>Direcci\u00f3n de Asistencia y Empoderamiento de las V\u00edctimas,<\/strong> dependiente de la Secretar\u00eda de Control, con acciones directas en el territorio y articulaci\u00f3n con otras \u00e1reas del Estado. Las actuaciones se dieron ante situaciones de violencia grave que alteraron de forma abrupta la vida cotidiana de las personas afectadas.<\/p>\n\n\n\n<p>Las acciones incluyeron primeras escuchas, acompa\u00f1amiento psicol\u00f3gico, asistencia social y apoyo para el acceso a la Justicia. Seg\u00fan datos oficiales, en 115 casos se realizaron entrevistas personales o telef\u00f3nicas con v\u00edctimas directas e indirectas. En <strong>otros 27 episodios<\/strong>, el municipio acompa\u00f1\u00f3 gestiones ante la Fiscal\u00eda y organismos judiciales.<\/p>\n\n\n\n<p>Adem\u00e1s, se concretaron 35 intervenciones sociocomunitarias, con espacios de contenci\u00f3n, entrega de recursos materiales y articulaci\u00f3n institucional. En ese marco, el <strong>Programa de Reducci\u00f3n de Violencias<\/strong> otorg\u00f3 <strong>acompa\u00f1amiento econ\u00f3mico a 40 familias<\/strong>.<\/p>\n\n\n\n<p>El <strong>\u00c1rea de Atenci\u00f3n a la V\u00edctima<\/strong> est\u00e1 coordinada por <strong>Gonzalo Bonifazi<\/strong>, quien lidera un equipo interdisciplinario de trabajadores sociales, psic\u00f3logos y abogados. \u201cRevisamos de manera cotidiana situaciones vinculadas a personas heridas por armas de fuego y trabajamos directamente con las familias\u201d, explic\u00f3 el funcionario.<\/p>\n\n\n\n<p>El abordaje contempla distintas dimensiones: acceso a la Justicia, contenci\u00f3n psicol\u00f3gica y atenci\u00f3n de las consecuencias econ\u00f3micas que dejan los hechos violentos.<\/p>\n\n\n\n<p>El secretario de Control, <strong>Diego Herrera<\/strong>, remarc\u00f3 que el objetivo es \u201cestar cerca de las familias y acompa\u00f1ar de la manera m\u00e1s humana posible\u201d. En tanto, <strong>Bonifazi<\/strong> subray\u00f3 que \u201ccuando ocurre algo disruptivo, el primer lugar al que la gente acude es al municipio\u201d.<\/p>\n\n\n\n<p>Entre los casos recientes, el \u00e1rea intervino con familiares afectados por la tragedia del fentanilo contaminado, que dej\u00f3 49 muertes en la ciudad, y acompa\u00f1\u00f3 el desarrollo del club <strong>Pablo Silva<\/strong>, surgido tras un hecho de violencia ocurrido en 2018.<\/p>\n\n\n\n<p>Desde el municipio adelantaron que el dispositivo continuar\u00e1 fortaleci\u00e9ndose, con presencia territorial y trabajo coordinado, como parte de la pol\u00edtica local de reducci\u00f3n de violencias.<\/p>\n<div class=\"newspaper-x-tags\"><strong>TAGS: <\/strong><span><a href=\"https:\/\/www.rosarioalerta.com.ar\/site\/archivos\/tag\/noticias-de-rosario\" rel=\"tag\">Noticias de Rosario<\/a><\/span><a href=\"https:\/\/www.rosarioalerta.com.ar\/site\/archivos\/tag\/rosario\" rel=\"tag\">Rosario<\/a><\/span><a href=\"https:\/\/www.rosarioalerta.com.ar\/site\/archivos\/tag\/santa-fe\" rel=\"tag\">Santa Fe<\/a> <\/div>","protected":false},"excerpt":{"rendered":"<p>Desplegaron abordajes interdisciplinarios ante hechos de alta lesividad y conflictos territoriales. Durante 2025, la Municipalidad de Rosario realiz\u00f3 161 intervenciones de acompa\u00f1amiento a v\u00edctimas y familiares de hechos de violencia. El trabajo fue coordinado por la Direcci\u00f3n de Asistencia y Empoderamiento de las V\u00edctimas, dependiente de la Secretar\u00eda de Control, con acciones directas en el [&hellip;]<\/p>\n","protected":false},"author":2,"featured_media":30308,"comment_status":"open","ping_status":"open","sticky":false,"template":"","format":"standard","meta":{"_joinchat":[],"footnotes":""},"categories":[18,21,14],"tags":[95,55,65],"class_list":["post-30307","post","type-post","status-publish","format-standard","has-post-thumbnail","hentry","category-institucional","category-noticias","category-policiales","tag-noticias-de-rosario","tag-rosario","tag-santa-fe"],"_links":{"self":[{"href":"https:\/\/www.rosarioalerta.com.ar\/site\/wp-json\/wp\/v2\/posts\/30307","targetHints":{"allow":["GET"]}}],"collection":[{"href":"https:\/\/www.rosarioalerta.com.ar\/site\/wp-json\/wp\/v2\/posts"}],"about":[{"href":"https:\/\/www.rosarioalerta.com.ar\/site\/wp-json\/wp\/v2\/types\/post"}],"author":[{"embeddable":true,"href":"https:\/\/www.rosarioalerta.com.ar\/site\/wp-json\/wp\/v2\/users\/2"}],"replies":[{"embeddable":true,"href":"https:\/\/www.rosarioalerta.com.ar\/site\/wp-json\/wp\/v2\/comments?post=30307"}],"version-history":[{"count":1,"href":"https:\/\/www.rosarioalerta.com.ar\/site\/wp-json\/wp\/v2\/posts\/30307\/revisions"}],"predecessor-version":[{"id":30309,"href":"https:\/\/www.rosarioalerta.com.ar\/site\/wp-json\/wp\/v2\/posts\/30307\/revisions\/30309"}],"wp:featuredmedia":[{"embeddable":true,"href":"https:\/\/www.rosarioalerta.com.ar\/site\/wp-json\/wp\/v2\/media\/30308"}],"wp:attachment":[{"href":"https:\/\/www.rosarioalerta.com.ar\/site\/wp-json\/wp\/v2\/media?parent=30307"}],"wp:term":[{"taxonomy":"category","embeddable":true,"href":"https:\/\/www.rosarioalerta.com.ar\/site\/wp-json\/wp\/v2\/categories?post=30307"},{"taxonomy":"post_tag","embeddable":true,"href":"https:\/\/www.rosarioalerta.com.ar\/site\/wp-json\/wp\/v2\/tags?post=30307"}],"curies":[{"name":"wp","href":"https:\/\/api.w.org\/{rel}","templated":true}]}}