{"id":30301,"date":"2026-01-15T16:53:47","date_gmt":"2026-01-15T19:53:47","guid":{"rendered":"https:\/\/www.rosarioalerta.com.ar\/site\/?p=30301"},"modified":"2026-01-15T16:53:57","modified_gmt":"2026-01-15T19:53:57","slug":"cae-un-sujeto-por-agresiones-en-zona-norte","status":"publish","type":"post","link":"https:\/\/www.rosarioalerta.com.ar\/site\/archivos\/30301","title":{"rendered":"Cae un sujeto por agresiones en zona norte"},"content":{"rendered":"\n<p>La v\u00edctima sufri\u00f3 una fractura de cr\u00e1neo y permanece internada en terapia intensiva<\/p>\n\n\n\n<p>Un hombre fue detenido este jueves en Rosario acusado de lesiones graves, tras una investigaci\u00f3n de la <strong>Polic\u00eda de Investigaciones<\/strong> (PDI) por un violento ataque ocurrido en la zona norte de la ciudad. El hecho sucedi\u00f3 d\u00edas atr\u00e1s en inmediaciones de <strong>Valent\u00edn G\u00f3mez al 4300<\/strong>, cuando la v\u00edctima fue hallada en la v\u00eda p\u00fablica con un fuerte golpe en la cabeza. Seg\u00fan la pesquisa, el ataque se produjo luego de una discusi\u00f3n y fue perpetrado con un arma de fuego utilizada como elemento contundente.<\/p>\n\n\n\n<p>La agresi\u00f3n ocurri\u00f3 en horas a\u00fan bajo investigaci\u00f3n. La v\u00edctima, un hombre mayor de edad, fue trasladada de urgencia al <strong>Hospital Eva Per\u00f3n<\/strong> de <strong>Granadero Baigorria<\/strong>, donde permanece internada en terapia intensiva con diagn\u00f3stico de fractura de cr\u00e1neo.<\/p>\n\n\n\n<p>De acuerdo con las primeras averiguaciones, la v\u00edctima mantuvo una discusi\u00f3n con dos hombres. En ese contexto, fue golpeada en la cabeza con la culata de un arma de fuego. Tras la agresi\u00f3n, los atacantes escaparon del lugar a bordo de una motocicleta.<\/p>\n\n\n\n<p>Personal policial y servicios de emergencia asistieron al herido, mientras se iniciaban las primeras actuaciones para identificar a los responsables.<\/p>\n\n\n\n<p>La PDI, avanz\u00f3 con tareas investigativas, relevamiento de testimonios y an\u00e1lisis de informaci\u00f3n. Como resultado, se ordenaron tres allanamientos: dos en domicilios de <strong>Yapuy\u00fa al 4100<\/strong> y uno en la zona de <strong>San Patricio y las v\u00edas.<\/strong><\/p>\n\n\n\n<p>Durante los procedimientos, los efectivos detuvieron a un hombre se\u00f1alado como uno de los agresores, identificado como <strong>Gabriel S.<\/strong> Adem\u00e1s, secuestraron cinco tel\u00e9fonos celulares, varias prendas de vestir y una motocicleta que habr\u00eda sido utilizada para la huida.<\/p>\n\n\n\n<p>Por disposici\u00f3n de la fiscal interviniente, Dra. Paula Barros, el detenido fue trasladado a sede policial y qued\u00f3 a disposici\u00f3n de la Justicia, mientras contin\u00faan las medidas para dar con el segundo implicado.<\/p>\n\n\n\n<p>La causa sigue en etapa investigativa. La v\u00edctima permanece internada y su evoluci\u00f3n m\u00e9dica es seguida de cerca, mientras la Fiscal\u00eda eval\u00faa nuevas imputaciones en funci\u00f3n de las pruebas reunidas.<\/p>\n\n\n\n<p><strong>Rosario y Santa Fe<\/strong> cierran la quincena con <strong>indicadores en alza<\/strong>. Los datos preliminares muestran una mejora respecto de 2024, con resultados positivos tanto en la ciudad como en el conjunto de la provincia<\/p>\n<div class=\"newspaper-x-tags\"><strong>TAGS: <\/strong><span><a href=\"https:\/\/www.rosarioalerta.com.ar\/site\/archivos\/tag\/noticias-de-rosario\" rel=\"tag\">Noticias de Rosario<\/a><\/span><a href=\"https:\/\/www.rosarioalerta.com.ar\/site\/archivos\/tag\/rosario\" rel=\"tag\">Rosario<\/a><\/span><a href=\"https:\/\/www.rosarioalerta.com.ar\/site\/archivos\/tag\/santa-fe\" rel=\"tag\">Santa Fe<\/a> <\/div>","protected":false},"excerpt":{"rendered":"<p>La v\u00edctima sufri\u00f3 una fractura de cr\u00e1neo y permanece internada en terapia intensiva Un hombre fue detenido este jueves en Rosario acusado de lesiones graves, tras una investigaci\u00f3n de la Polic\u00eda de Investigaciones (PDI) por un violento ataque ocurrido en la zona norte de la ciudad. El hecho sucedi\u00f3 d\u00edas atr\u00e1s en inmediaciones de Valent\u00edn [&hellip;]<\/p>\n","protected":false},"author":2,"featured_media":30302,"comment_status":"open","ping_status":"open","sticky":false,"template":"","format":"standard","meta":{"_joinchat":[],"footnotes":""},"categories":[12,11,21,14],"tags":[95,55,65],"class_list":["post-30301","post","type-post","status-publish","format-standard","has-post-thumbnail","hentry","category-allanamientos","category-detenidos","category-noticias","category-policiales","tag-noticias-de-rosario","tag-rosario","tag-santa-fe"],"_links":{"self":[{"href":"https:\/\/www.rosarioalerta.com.ar\/site\/wp-json\/wp\/v2\/posts\/30301","targetHints":{"allow":["GET"]}}],"collection":[{"href":"https:\/\/www.rosarioalerta.com.ar\/site\/wp-json\/wp\/v2\/posts"}],"about":[{"href":"https:\/\/www.rosarioalerta.com.ar\/site\/wp-json\/wp\/v2\/types\/post"}],"author":[{"embeddable":true,"href":"https:\/\/www.rosarioalerta.com.ar\/site\/wp-json\/wp\/v2\/users\/2"}],"replies":[{"embeddable":true,"href":"https:\/\/www.rosarioalerta.com.ar\/site\/wp-json\/wp\/v2\/comments?post=30301"}],"version-history":[{"count":1,"href":"https:\/\/www.rosarioalerta.com.ar\/site\/wp-json\/wp\/v2\/posts\/30301\/revisions"}],"predecessor-version":[{"id":30303,"href":"https:\/\/www.rosarioalerta.com.ar\/site\/wp-json\/wp\/v2\/posts\/30301\/revisions\/30303"}],"wp:featuredmedia":[{"embeddable":true,"href":"https:\/\/www.rosarioalerta.com.ar\/site\/wp-json\/wp\/v2\/media\/30302"}],"wp:attachment":[{"href":"https:\/\/www.rosarioalerta.com.ar\/site\/wp-json\/wp\/v2\/media?parent=30301"}],"wp:term":[{"taxonomy":"category","embeddable":true,"href":"https:\/\/www.rosarioalerta.com.ar\/site\/wp-json\/wp\/v2\/categories?post=30301"},{"taxonomy":"post_tag","embeddable":true,"href":"https:\/\/www.rosarioalerta.com.ar\/site\/wp-json\/wp\/v2\/tags?post=30301"}],"curies":[{"name":"wp","href":"https:\/\/api.w.org\/{rel}","templated":true}]}}