{"id":30296,"date":"2026-01-15T06:57:03","date_gmt":"2026-01-15T09:57:03","guid":{"rendered":"https:\/\/www.rosarioalerta.com.ar\/site\/?p=30296"},"modified":"2026-01-15T06:57:04","modified_gmt":"2026-01-15T09:57:04","slug":"paradores-islenos-sin-guardavidas","status":"publish","type":"post","link":"https:\/\/www.rosarioalerta.com.ar\/site\/archivos\/30296","title":{"rendered":"Paradores isle\u00f1os sin guardavidas"},"content":{"rendered":"\n<p>S\u00f3lo 3 de 24 tienen cobertura y piden medidas urgentes<\/p>\n\n\n\n<p>Un relevamiento oficial alert\u00f3 que apenas tres paradores isle\u00f1os frente a Rosario cuentan con guardavidas. El <strong>Concejo Municipal<\/strong> reclam\u00f3 acciones inmediatas ante el crecimiento del turismo y una seguidilla de incidentes graves en el r\u00edo Paran\u00e1.<\/p>\n\n\n\n<p>Entre <strong>octubre y diciembre de 2025<\/strong>, m\u00e1s de <strong>8000 personas cruzaron<\/strong> a los paradores de las islas frente a Rosario y la proyecci\u00f3n oficial estima que el n\u00famero alcanzar\u00e1 las 50.000 al cierre del verano. En ese contexto, un informe del Consejo Consultivo del R\u00edo, analizado por la concejala <strong>Anah\u00ed Schibelbein,<\/strong> revel\u00f3 que s\u00f3lo 3 de los 24 paradores tienen guardavidas habilitados.<\/p>\n\n\n\n<p>El relevamiento abarca paradores ubicados en <strong>La Invernada, Paran\u00e1 Viejo y El Banquito, en la Isla Sabino Corsi<\/strong>. Todos figuran en listados oficiales y son promocionados por el Ente Tur\u00edstico Rosario. Sin embargo, 21 carecen de cobertura de seguridad acu\u00e1tica, pese a la alta concurrencia estival.<\/p>\n\n\n\n<p><strong>Schibelbein<\/strong> present\u00f3 un proyecto para que el Departamento Ejecutivo Municipal adopte medidas urgentes y garantice la presencia de guardavidas en los 24 paradores. La iniciativa advierte sobre una superposici\u00f3n de competencias entre Santa Fe y Entre R\u00edos, pero remarca que la seguridad \u201cno puede esperar\u201d.<\/p>\n\n\n\n<p>&nbsp;\u201cSabemos que hay jurisdicciones compartidas, pero la seguridad es un tema crucial\u201d, se\u00f1al\u00f3 la edil. Tambi\u00e9n advirti\u00f3 que las playas isle\u00f1as \u201cno est\u00e1n habilitadas para ba\u00f1arse\u201d, lo que reduce la presencia de guardavidas y expone a los visitantes a mayores riesgos por falta de boyas y carteler\u00eda preventiva.<\/p>\n\n\n\n<p>Durante el \u00faltimo cuatrimestre de 2025 se registraron colisiones de embarcaciones, desapariciones de nadadores y hallazgos de cuerpos frente a la costa rosarina. El proyecto cita como caso emblem\u00e1tico a La Invernada, donde no hay guardavidas y se concentr\u00f3 la mayor cantidad de incidentes, incluida la muerte de Caren Itat\u00ed Ojeda (32) en noviembre pasado.<\/p>\n\n\n\n<p>El Concejo espera una respuesta del Ejecutivo mientras contin\u00faa la promoci\u00f3n tur\u00edstica de paradores con playas no habilitadas. El pedido apunta a reforzar controles, se\u00f1alizaci\u00f3n y cobertura de seguridad antes de que avance la temporada alta.<\/p>\n<div class=\"newspaper-x-tags\"><strong>TAGS: <\/strong><span><a href=\"https:\/\/www.rosarioalerta.com.ar\/site\/archivos\/tag\/guardavidas\" rel=\"tag\">Guardavidas<\/a><\/span><a href=\"https:\/\/www.rosarioalerta.com.ar\/site\/archivos\/tag\/noticias-de-rosario\" rel=\"tag\">Noticias de Rosario<\/a><\/span><a href=\"https:\/\/www.rosarioalerta.com.ar\/site\/archivos\/tag\/paradores-islenos\" rel=\"tag\">Paradores Isle\u00f1os<\/a><\/span><a href=\"https:\/\/www.rosarioalerta.com.ar\/site\/archivos\/tag\/rosario\" rel=\"tag\">Rosario<\/a><\/span><a href=\"https:\/\/www.rosarioalerta.com.ar\/site\/archivos\/tag\/santa-fe\" rel=\"tag\">Santa Fe<\/a> <\/div>","protected":false},"excerpt":{"rendered":"<p>S\u00f3lo 3 de 24 tienen cobertura y piden medidas urgentes Un relevamiento oficial alert\u00f3 que apenas tres paradores isle\u00f1os frente a Rosario cuentan con guardavidas. El Concejo Municipal reclam\u00f3 acciones inmediatas ante el crecimiento del turismo y una seguidilla de incidentes graves en el r\u00edo Paran\u00e1. Entre octubre y diciembre de 2025, m\u00e1s de 8000 [&hellip;]<\/p>\n","protected":false},"author":2,"featured_media":30297,"comment_status":"open","ping_status":"open","sticky":false,"template":"","format":"standard","meta":{"_joinchat":[],"footnotes":""},"categories":[18,21],"tags":[1934,95,1935,55,65],"class_list":["post-30296","post","type-post","status-publish","format-standard","has-post-thumbnail","hentry","category-institucional","category-noticias","tag-guardavidas","tag-noticias-de-rosario","tag-paradores-islenos","tag-rosario","tag-santa-fe"],"_links":{"self":[{"href":"https:\/\/www.rosarioalerta.com.ar\/site\/wp-json\/wp\/v2\/posts\/30296","targetHints":{"allow":["GET"]}}],"collection":[{"href":"https:\/\/www.rosarioalerta.com.ar\/site\/wp-json\/wp\/v2\/posts"}],"about":[{"href":"https:\/\/www.rosarioalerta.com.ar\/site\/wp-json\/wp\/v2\/types\/post"}],"author":[{"embeddable":true,"href":"https:\/\/www.rosarioalerta.com.ar\/site\/wp-json\/wp\/v2\/users\/2"}],"replies":[{"embeddable":true,"href":"https:\/\/www.rosarioalerta.com.ar\/site\/wp-json\/wp\/v2\/comments?post=30296"}],"version-history":[{"count":1,"href":"https:\/\/www.rosarioalerta.com.ar\/site\/wp-json\/wp\/v2\/posts\/30296\/revisions"}],"predecessor-version":[{"id":30298,"href":"https:\/\/www.rosarioalerta.com.ar\/site\/wp-json\/wp\/v2\/posts\/30296\/revisions\/30298"}],"wp:featuredmedia":[{"embeddable":true,"href":"https:\/\/www.rosarioalerta.com.ar\/site\/wp-json\/wp\/v2\/media\/30297"}],"wp:attachment":[{"href":"https:\/\/www.rosarioalerta.com.ar\/site\/wp-json\/wp\/v2\/media?parent=30296"}],"wp:term":[{"taxonomy":"category","embeddable":true,"href":"https:\/\/www.rosarioalerta.com.ar\/site\/wp-json\/wp\/v2\/categories?post=30296"},{"taxonomy":"post_tag","embeddable":true,"href":"https:\/\/www.rosarioalerta.com.ar\/site\/wp-json\/wp\/v2\/tags?post=30296"}],"curies":[{"name":"wp","href":"https:\/\/api.w.org\/{rel}","templated":true}]}}