{"id":30272,"date":"2026-01-14T07:04:56","date_gmt":"2026-01-14T10:04:56","guid":{"rendered":"https:\/\/www.rosarioalerta.com.ar\/site\/?p=30272"},"modified":"2026-01-14T07:05:00","modified_gmt":"2026-01-14T10:05:00","slug":"prision-preventiva-para-el-metra","status":"publish","type":"post","link":"https:\/\/www.rosarioalerta.com.ar\/site\/archivos\/30272","title":{"rendered":"Prisi\u00f3n preventiva para \u201cel Metra\u201d"},"content":{"rendered":"\n<p>Fue tras ser imputado por abuso sexual y exhibiciones obscenas<\/p>\n\n\n\n<p>El acusado fue identificado como <strong>Mat\u00edas Ezequiel Bustos de 36 a\u00f1os<\/strong>. El juez orden\u00f3 90 d\u00edas de detenci\u00f3n mientras avanza la causa.<br>La Justicia de Rosario dict\u00f3 prisi\u00f3n preventiva por 90 d\u00edas para <strong>Mat\u00edas Ezequiel Bustos<\/strong> (36), apodado \u201c<strong>el Metra<\/strong>\u201d, acusado de abuso sexual simple y exhibiciones obscenas contra una empleada de un minimarket de <strong>barrio Alberdi<\/strong>. El hecho ocurri\u00f3 el 14 de diciembre del pasado a\u00f1o, cerca de las 7.30, en un comercio ubicado en <strong>Super\u00ed al 1000<\/strong>, cuando el imputado manose\u00f3 a la v\u00edctima y luego volvi\u00f3 al lugar para exhibirse. Fue detenido semanas despu\u00e9s en la zona oeste, tras tareas investigativas.<\/p>\n\n\n\n<p>De acuerdo con la imputaci\u00f3n fiscal, la empleada se acerc\u00f3 al acusado para darle una botella de agua debido al calor. En ese contexto, <strong>Bustos<\/strong>, abus\u00f3 sexualmente de la mujer mediante tocamientos y se retir\u00f3 a pie.<\/p>\n\n\n\n<p>Quince minutos m\u00e1s tarde, regres\u00f3 al local y realiz\u00f3 exhibiciones obscenas frente a la v\u00edctima, en contra de su voluntad.<\/p>\n\n\n\n<p>La mujer logr\u00f3 fotografiar al agresor y dio aviso inmediato al 911. La imagen permiti\u00f3 avanzar en la identificaci\u00f3n del sospechoso, conocido en el barrio como \u201c<strong>el Metra<\/strong>\u201d. Tras tareas de campo, personal de la <strong>Divisi\u00f3n Judicial <\/strong>lo detuvo el viernes 9, en la v\u00eda p\u00fablica, en un refugio para personas en situaci\u00f3n de calle de la zona oeste.<\/p>\n\n\n\n<p>En audiencia imputativa realizada el martes 13, en el Centro de Justicia Penal, la fiscal <strong>Mar\u00eda Cecilia Marcolin Loberse<\/strong> atribuy\u00f3 a <strong>Bustos<\/strong> los delitos de abuso sexual simple en concurso real con exhibiciones obscenas, en grado consumado y como autor.<\/p>\n\n\n\n<p>El juez de primera instancia <strong>Dr. Gasparini<\/strong> formaliz\u00f3 la imputaci\u00f3n y dispuso la <strong>prisi\u00f3n preventiva por 90 d\u00edas<\/strong>, con posibilidad de pr\u00f3rroga si la Fiscal\u00eda presenta el requerimiento acusatorio. La causa contin\u00faa en etapa investigativa, mientras se eval\u00faan informes complementarios.<\/p>\n<div class=\"newspaper-x-tags\"><strong>TAGS: <\/strong><span><a href=\"https:\/\/www.rosarioalerta.com.ar\/site\/archivos\/tag\/noticias-de-rosario\" rel=\"tag\">Noticias de Rosario<\/a><\/span><a href=\"https:\/\/www.rosarioalerta.com.ar\/site\/archivos\/tag\/rosario\" rel=\"tag\">Rosario<\/a><\/span><a href=\"https:\/\/www.rosarioalerta.com.ar\/site\/archivos\/tag\/santa-fe\" rel=\"tag\">Santa Fe<\/a> <\/div>","protected":false},"excerpt":{"rendered":"<p>Fue tras ser imputado por abuso sexual y exhibiciones obscenas El acusado fue identificado como Mat\u00edas Ezequiel Bustos de 36 a\u00f1os. El juez orden\u00f3 90 d\u00edas de detenci\u00f3n mientras avanza la causa.La Justicia de Rosario dict\u00f3 prisi\u00f3n preventiva por 90 d\u00edas para Mat\u00edas Ezequiel Bustos (36), apodado \u201cel Metra\u201d, acusado de abuso sexual simple y [&hellip;]<\/p>\n","protected":false},"author":2,"featured_media":30273,"comment_status":"open","ping_status":"open","sticky":false,"template":"","format":"standard","meta":{"_joinchat":[],"footnotes":""},"categories":[13,21,14],"tags":[95,55,65],"class_list":["post-30272","post","type-post","status-publish","format-standard","has-post-thumbnail","hentry","category-judiciales","category-noticias","category-policiales","tag-noticias-de-rosario","tag-rosario","tag-santa-fe"],"_links":{"self":[{"href":"https:\/\/www.rosarioalerta.com.ar\/site\/wp-json\/wp\/v2\/posts\/30272","targetHints":{"allow":["GET"]}}],"collection":[{"href":"https:\/\/www.rosarioalerta.com.ar\/site\/wp-json\/wp\/v2\/posts"}],"about":[{"href":"https:\/\/www.rosarioalerta.com.ar\/site\/wp-json\/wp\/v2\/types\/post"}],"author":[{"embeddable":true,"href":"https:\/\/www.rosarioalerta.com.ar\/site\/wp-json\/wp\/v2\/users\/2"}],"replies":[{"embeddable":true,"href":"https:\/\/www.rosarioalerta.com.ar\/site\/wp-json\/wp\/v2\/comments?post=30272"}],"version-history":[{"count":1,"href":"https:\/\/www.rosarioalerta.com.ar\/site\/wp-json\/wp\/v2\/posts\/30272\/revisions"}],"predecessor-version":[{"id":30274,"href":"https:\/\/www.rosarioalerta.com.ar\/site\/wp-json\/wp\/v2\/posts\/30272\/revisions\/30274"}],"wp:featuredmedia":[{"embeddable":true,"href":"https:\/\/www.rosarioalerta.com.ar\/site\/wp-json\/wp\/v2\/media\/30273"}],"wp:attachment":[{"href":"https:\/\/www.rosarioalerta.com.ar\/site\/wp-json\/wp\/v2\/media?parent=30272"}],"wp:term":[{"taxonomy":"category","embeddable":true,"href":"https:\/\/www.rosarioalerta.com.ar\/site\/wp-json\/wp\/v2\/categories?post=30272"},{"taxonomy":"post_tag","embeddable":true,"href":"https:\/\/www.rosarioalerta.com.ar\/site\/wp-json\/wp\/v2\/tags?post=30272"}],"curies":[{"name":"wp","href":"https:\/\/api.w.org\/{rel}","templated":true}]}}