{"id":30237,"date":"2026-01-12T10:45:27","date_gmt":"2026-01-12T13:45:27","guid":{"rendered":"https:\/\/www.rosarioalerta.com.ar\/site\/?p=30237"},"modified":"2026-01-12T10:56:46","modified_gmt":"2026-01-12T13:56:46","slug":"30237","status":"publish","type":"post","link":"https:\/\/www.rosarioalerta.com.ar\/site\/archivos\/30237","title":{"rendered":"Dos detenidos tras una persecuci\u00f3n en la zona oeste"},"content":{"rendered":"\n<p>El procedimiento se realiz\u00f3 durante un patrullaje nocturno<\/p>\n\n\n\n<p>Dos personas fueron detenidas en la madrugada de este lunes, en la zona oeste de Rosario, luego de una persecuci\u00f3n policial iniciada al intentar identificarlas mientras circulaban en una moto robada. El hecho ocurri\u00f3 cerca de las 3.30, cuando personal de la <strong>Brigada Motorizada<\/strong> detect\u00f3 maniobras evasivas durante un operativo preventivo. La intervenci\u00f3n se concret\u00f3 tras la ca\u00edda del veh\u00edculo en una rotonda, lo que permiti\u00f3 el control de la situaci\u00f3n.<\/p>\n\n\n\n<figure class=\"wp-block-embed is-type-video is-provider-youtube wp-block-embed-youtube wp-embed-aspect-16-9 wp-has-aspect-ratio\"><div class=\"wp-block-embed__wrapper\">\n<div class=\"newspaper-x-video-container\"><iframe loading=\"lazy\" title=\"Dos detenidos tras una persecuci\u00f3n en la zona oeste\" width=\"750\" height=\"422\" src=\"https:\/\/www.youtube.com\/embed\/KaAxQiG6jEk?feature=oembed\" frameborder=\"0\" allow=\"accelerometer; autoplay; clipboard-write; encrypted-media; gyroscope; picture-in-picture; web-share\" referrerpolicy=\"strict-origin-when-cross-origin\" allowfullscreen><\/iframe><\/div>\n<\/div><\/figure>\n\n\n\n<p>Los efectivos patrullaban de forma preventiva cuando observaron una motocicleta con dos ocupantes. Al recibir la orden de detenci\u00f3n para su identificaci\u00f3n, los ocupantes desobedecieron y huyeron por <strong>Provincias Unidas al norte<\/strong><br>La persecuci\u00f3n fue controlada y se extendi\u00f3 por varias cuadras.<\/p>\n\n\n\n<p>Al llegar a la intersecci\u00f3n de <strong>Provincias Unidas y Juan Jos\u00e9 Paso<\/strong>, el conductor perdi\u00f3 el control del rodado y ambos ocupantes cayeron sobre la rotonda. Esto permiti\u00f3 la inmediata intervenci\u00f3n policial y la reducci\u00f3n de los involucrados, sin que se registraran terceros lesionados.<\/p>\n\n\n\n<p>Las personas detenidas fueron identificadas como <strong>Leil\u00e9n Victoria C de 18<\/strong> <strong>a\u00f1os<\/strong> y <strong>un menor de 16.<\/strong> Asimismo sobre la <strong>KTM Duke 200 cc<\/strong>, constataron que ten\u00eda pedido de secuestro activo por un hecho de robo, a requerimiento de la Fiscal\u00eda en turno.<\/p>\n\n\n\n<p>El procedimiento se enmarca en los controles nocturnos que la Polic\u00eda realiza en distintos sectores de la ciudad para prevenir delitos contra la propiedad y detectar veh\u00edculos sustra\u00eddos.<br>El rodado qued\u00f3 secuestrado y las actuaciones fueron remitidas a la Justicia, que definir\u00e1 la situaci\u00f3n procesal de los involucrados seg\u00fan la normativa vigente.<\/p>\n<div class=\"newspaper-x-tags\"><strong>TAGS: <\/strong><span><a href=\"https:\/\/www.rosarioalerta.com.ar\/site\/archivos\/tag\/noticias-de-rosario\" rel=\"tag\">Noticias de Rosario<\/a><\/span><a href=\"https:\/\/www.rosarioalerta.com.ar\/site\/archivos\/tag\/rosario\" rel=\"tag\">Rosario<\/a><\/span><a href=\"https:\/\/www.rosarioalerta.com.ar\/site\/archivos\/tag\/santa-fe\" rel=\"tag\">Santa Fe<\/a> <\/div>","protected":false},"excerpt":{"rendered":"<p>El procedimiento se realiz\u00f3 durante un patrullaje nocturno Dos personas fueron detenidas en la madrugada de este lunes, en la zona oeste de Rosario, luego de una persecuci\u00f3n policial iniciada al intentar identificarlas mientras circulaban en una moto robada. El hecho ocurri\u00f3 cerca de las 3.30, cuando personal de la Brigada Motorizada detect\u00f3 maniobras evasivas [&hellip;]<\/p>\n","protected":false},"author":2,"featured_media":30238,"comment_status":"open","ping_status":"open","sticky":false,"template":"","format":"standard","meta":{"_joinchat":[],"footnotes":""},"categories":[11,21,14],"tags":[95,55,65],"class_list":["post-30237","post","type-post","status-publish","format-standard","has-post-thumbnail","hentry","category-detenidos","category-noticias","category-policiales","tag-noticias-de-rosario","tag-rosario","tag-santa-fe"],"_links":{"self":[{"href":"https:\/\/www.rosarioalerta.com.ar\/site\/wp-json\/wp\/v2\/posts\/30237","targetHints":{"allow":["GET"]}}],"collection":[{"href":"https:\/\/www.rosarioalerta.com.ar\/site\/wp-json\/wp\/v2\/posts"}],"about":[{"href":"https:\/\/www.rosarioalerta.com.ar\/site\/wp-json\/wp\/v2\/types\/post"}],"author":[{"embeddable":true,"href":"https:\/\/www.rosarioalerta.com.ar\/site\/wp-json\/wp\/v2\/users\/2"}],"replies":[{"embeddable":true,"href":"https:\/\/www.rosarioalerta.com.ar\/site\/wp-json\/wp\/v2\/comments?post=30237"}],"version-history":[{"count":2,"href":"https:\/\/www.rosarioalerta.com.ar\/site\/wp-json\/wp\/v2\/posts\/30237\/revisions"}],"predecessor-version":[{"id":30242,"href":"https:\/\/www.rosarioalerta.com.ar\/site\/wp-json\/wp\/v2\/posts\/30237\/revisions\/30242"}],"wp:featuredmedia":[{"embeddable":true,"href":"https:\/\/www.rosarioalerta.com.ar\/site\/wp-json\/wp\/v2\/media\/30238"}],"wp:attachment":[{"href":"https:\/\/www.rosarioalerta.com.ar\/site\/wp-json\/wp\/v2\/media?parent=30237"}],"wp:term":[{"taxonomy":"category","embeddable":true,"href":"https:\/\/www.rosarioalerta.com.ar\/site\/wp-json\/wp\/v2\/categories?post=30237"},{"taxonomy":"post_tag","embeddable":true,"href":"https:\/\/www.rosarioalerta.com.ar\/site\/wp-json\/wp\/v2\/tags?post=30237"}],"curies":[{"name":"wp","href":"https:\/\/api.w.org\/{rel}","templated":true}]}}