{"id":30231,"date":"2026-01-12T10:34:20","date_gmt":"2026-01-12T13:34:20","guid":{"rendered":"https:\/\/www.rosarioalerta.com.ar\/site\/?p=30231"},"modified":"2026-01-12T10:34:27","modified_gmt":"2026-01-12T13:34:27","slug":"balacera-en-perez","status":"publish","type":"post","link":"https:\/\/www.rosarioalerta.com.ar\/site\/archivos\/30231","title":{"rendered":"Balacera en P\u00e9rez"},"content":{"rendered":"\n<p>Tres detenidos tras agredir y dejar herido a un hombre<\/p>\n\n\n\n<p>Un hombre herido de arma de fuego fue hallado en la zona de <strong>El Sauce al 200,<\/strong> en la ciudad de <strong>P\u00e9rez<\/strong>, tras un llamado a la <strong>Central de Emergencias del 911,<\/strong> que alert\u00f3 sobre disparos. El ataque ocurri\u00f3 por motivos que a\u00fan se investigan. La v\u00edctima fue asistida por el <strong>SIES<\/strong> y trasladada a un centro de salud, mientras que la Polic\u00eda aprehendi\u00f3 a tres personas y secuestr\u00f3 veh\u00edculos relacionados con el episodio.<\/p>\n\n\n\n<p>Tras el aviso a las patrullas de calle, llegaron los m\u00f3viles al lugar y se encontraron con vecinos alterados, quienes se\u00f1alaron que el autor se desplazaba en un Citro\u00ebn C4 negro y portaba un arma de fuego.<\/p>\n\n\n\n<p>En inmediaciones de <strong>El Chaj\u00e1 y Los Aromos<\/strong>, los efectivos observaron a un hombre con una herida sangrante en la pierna derecha, compatible con disparo. En ese momento apareci\u00f3 un Citro\u00ebn C4 negro, identificado por la v\u00edctima como el veh\u00edculo utilizado por el agresor. El conductor fue aprehendido en el lugar.<br>La v\u00edctima fue asistida por el <strong>SIES<\/strong>, que diagnostic\u00f3 herida de arma de fuego con orificio de entrada y salida.<\/p>\n\n\n\n<p>Luego, en un domicilio vinculado al hecho, la Polic\u00eda detect\u00f3 a un hombre y una mujer manipulando un Citro\u00ebn C3 gris con aparentes rastros hem\u00e1ticos. Ambos fueron aprehendidos. Adem\u00e1s, secuestraron una motocicleta 110 cc negra.<\/p>\n\n\n\n<p>Los aprehendidos fueron identificados como <strong>Juan Carlos A de 39 a\u00f1os<\/strong>; <strong>Valeria A. R de 33; y Jonatan R. B de 33.<\/strong> La investigaci\u00f3n contin\u00faa para determinar responsabilidades y el origen del conflicto, con intervenci\u00f3n de la Justicia.<\/p>\n<div class=\"newspaper-x-tags\"><strong>TAGS: <\/strong><span><a href=\"https:\/\/www.rosarioalerta.com.ar\/site\/archivos\/tag\/noticias-de-perez-2\" rel=\"tag\">Noticias de P\u00e9rez<\/a><\/span><a href=\"https:\/\/www.rosarioalerta.com.ar\/site\/archivos\/tag\/noticias-de-rosario\" rel=\"tag\">Noticias de Rosario<\/a><\/span><a href=\"https:\/\/www.rosarioalerta.com.ar\/site\/archivos\/tag\/perez-3\" rel=\"tag\">P\u00e9rez<\/a><\/span><a href=\"https:\/\/www.rosarioalerta.com.ar\/site\/archivos\/tag\/rosario\" rel=\"tag\">Rosario<\/a><\/span><a href=\"https:\/\/www.rosarioalerta.com.ar\/site\/archivos\/tag\/santa-fe\" rel=\"tag\">Santa Fe<\/a> <\/div>","protected":false},"excerpt":{"rendered":"<p>Tres detenidos tras agredir y dejar herido a un hombre Un hombre herido de arma de fuego fue hallado en la zona de El Sauce al 200, en la ciudad de P\u00e9rez, tras un llamado a la Central de Emergencias del 911, que alert\u00f3 sobre disparos. El ataque ocurri\u00f3 por motivos que a\u00fan se investigan. [&hellip;]<\/p>\n","protected":false},"author":2,"featured_media":30232,"comment_status":"open","ping_status":"open","sticky":false,"template":"","format":"standard","meta":{"_joinchat":[],"footnotes":""},"categories":[15,11,17,21,14],"tags":[427,95,428,55,65],"class_list":["post-30231","post","type-post","status-publish","format-standard","has-post-thumbnail","hentry","category-balaceras","category-detenidos","category-heridos","category-noticias","category-policiales","tag-noticias-de-perez-2","tag-noticias-de-rosario","tag-perez-3","tag-rosario","tag-santa-fe"],"_links":{"self":[{"href":"https:\/\/www.rosarioalerta.com.ar\/site\/wp-json\/wp\/v2\/posts\/30231","targetHints":{"allow":["GET"]}}],"collection":[{"href":"https:\/\/www.rosarioalerta.com.ar\/site\/wp-json\/wp\/v2\/posts"}],"about":[{"href":"https:\/\/www.rosarioalerta.com.ar\/site\/wp-json\/wp\/v2\/types\/post"}],"author":[{"embeddable":true,"href":"https:\/\/www.rosarioalerta.com.ar\/site\/wp-json\/wp\/v2\/users\/2"}],"replies":[{"embeddable":true,"href":"https:\/\/www.rosarioalerta.com.ar\/site\/wp-json\/wp\/v2\/comments?post=30231"}],"version-history":[{"count":1,"href":"https:\/\/www.rosarioalerta.com.ar\/site\/wp-json\/wp\/v2\/posts\/30231\/revisions"}],"predecessor-version":[{"id":30233,"href":"https:\/\/www.rosarioalerta.com.ar\/site\/wp-json\/wp\/v2\/posts\/30231\/revisions\/30233"}],"wp:featuredmedia":[{"embeddable":true,"href":"https:\/\/www.rosarioalerta.com.ar\/site\/wp-json\/wp\/v2\/media\/30232"}],"wp:attachment":[{"href":"https:\/\/www.rosarioalerta.com.ar\/site\/wp-json\/wp\/v2\/media?parent=30231"}],"wp:term":[{"taxonomy":"category","embeddable":true,"href":"https:\/\/www.rosarioalerta.com.ar\/site\/wp-json\/wp\/v2\/categories?post=30231"},{"taxonomy":"post_tag","embeddable":true,"href":"https:\/\/www.rosarioalerta.com.ar\/site\/wp-json\/wp\/v2\/tags?post=30231"}],"curies":[{"name":"wp","href":"https:\/\/api.w.org\/{rel}","templated":true}]}}