{"id":30193,"date":"2026-01-09T15:39:36","date_gmt":"2026-01-09T18:39:36","guid":{"rendered":"https:\/\/www.rosarioalerta.com.ar\/site\/?p=30193"},"modified":"2026-01-09T15:42:20","modified_gmt":"2026-01-09T18:42:20","slug":"entregaron-lentes-a-jubilados-incautados-al-delito","status":"publish","type":"post","link":"https:\/\/www.rosarioalerta.com.ar\/site\/archivos\/30193","title":{"rendered":"Entregaron lentes a jubilados, incautados al delito"},"content":{"rendered":"\n<p>Bienes decomisados en una causa por estafas fueron destinados a personas mayores como parte de una pol\u00edtica provincial de recuperaci\u00f3n social<\/p>\n\n\n\n<p>El Gobierno de la Provincia de Santa Fe entreg\u00f3 este viernes <strong>170 marcos de lentes<\/strong> incautados al delito a jubilados y jubiladas de Rosario. La acci\u00f3n se realiz\u00f3 en la ciudad, a trav\u00e9s de la Agencia Provincial de Registro, Administraci\u00f3n y Destino de Bienes y Derechos Patrimoniales (APRAD), con el objetivo de reutilizar bienes secuestrados en causas judiciales con un fin social. Los elementos proven\u00edan de una investigaci\u00f3n por estafas y fueron asignados sin costo a personas mayores.<\/p>\n\n\n\n<p>La actividad se llev\u00f3 a cabo con la participaci\u00f3n de centros de jubilados locales, que elaboraron previamente los listados de beneficiarios. En lugar de subastar los marcos, la Provincia resolvi\u00f3 destinarlos directamente a quienes los necesitan. Cada unidad tiene un valor de mercado estimado entre 50.000 y 100.000 pesos, un costo dif\u00edcil de afrontar para muchos jubilados.<\/p>\n\n\n\n<figure class=\"wp-block-embed is-type-video is-provider-youtube wp-block-embed-youtube wp-embed-aspect-16-9 wp-has-aspect-ratio\"><div class=\"wp-block-embed__wrapper\">\n<div class=\"newspaper-x-video-container\"><iframe loading=\"lazy\" title=\"Entregaron lentes a jubilados, incautados al delito\" width=\"750\" height=\"422\" src=\"https:\/\/www.youtube.com\/embed\/hOwZiw09wIM?feature=oembed\" frameborder=\"0\" allow=\"accelerometer; autoplay; clipboard-write; encrypted-media; gyroscope; picture-in-picture; web-share\" referrerpolicy=\"strict-origin-when-cross-origin\" allowfullscreen><\/iframe><\/div>\n<\/div><\/figure>\n\n\n\n<p>Los marcos de lentes fueron secuestrados en el marco de una causa penal por estafas. Seg\u00fan se inform\u00f3, estos bienes permanec\u00edan almacenados como otros tantos efectos incautados en la provincia. La actual gesti\u00f3n decidi\u00f3 incorporarlos a un programa de reutilizaci\u00f3n social para evitar su abandono y darles un uso comunitario.<\/p>\n\n\n\n<p>El secretario de Gesti\u00f3n de Registros Provinciales, <strong>Mat\u00edas Figueroa Escauriza<\/strong>, se\u00f1al\u00f3 que con esta entrega ya son cerca de 500 los jubilados beneficiados. \u201cAntes, estos elementos quedaban guardados en dep\u00f3sitos. Hoy buscamos resignificarlos y transformarlos en soluciones concretas\u201d, explic\u00f3. Tambi\u00e9n destac\u00f3 que, si bien PAMI cubre los cristales, el costo del marco suele ser el principal obst\u00e1culo.<\/p>\n\n\n\n<p>La iniciativa se inscribe en una pol\u00edtica impulsada por la gesti\u00f3n del gobernador <strong>Maximiliano Pullaro<\/strong>, orientada a que los bienes decomisados al delito tengan un destino social. En este caso, el foco estuvo puesto en acompa\u00f1ar a personas mayores, uno de los sectores m\u00e1s afectados por el costo de insumos b\u00e1sicos.<\/p>\n\n\n\n<p>Desde la Provincia adelantaron que el esquema continuar\u00e1 con nuevos bienes recuperados en distintas causas judiciales, priorizando su impacto social y comunitario.<\/p>\n<div class=\"newspaper-x-tags\"><strong>TAGS: <\/strong><span><a href=\"https:\/\/www.rosarioalerta.com.ar\/site\/archivos\/tag\/aprad\" rel=\"tag\">APRAD<\/a><\/span><a href=\"https:\/\/www.rosarioalerta.com.ar\/site\/archivos\/tag\/noticias-de-rosario\" rel=\"tag\">Noticias de Rosario<\/a><\/span><a href=\"https:\/\/www.rosarioalerta.com.ar\/site\/archivos\/tag\/rosario\" rel=\"tag\">Rosario<\/a><\/span><a href=\"https:\/\/www.rosarioalerta.com.ar\/site\/archivos\/tag\/santa-fe\" rel=\"tag\">Santa Fe<\/a> <\/div>","protected":false},"excerpt":{"rendered":"<p>Bienes decomisados en una causa por estafas fueron destinados a personas mayores como parte de una pol\u00edtica provincial de recuperaci\u00f3n social El Gobierno de la Provincia de Santa Fe entreg\u00f3 este viernes 170 marcos de lentes incautados al delito a jubilados y jubiladas de Rosario. La acci\u00f3n se realiz\u00f3 en la ciudad, a trav\u00e9s de [&hellip;]<\/p>\n","protected":false},"author":2,"featured_media":30194,"comment_status":"open","ping_status":"open","sticky":false,"template":"","format":"standard","meta":{"_joinchat":[],"footnotes":""},"categories":[18,21],"tags":[649,95,55,65],"class_list":["post-30193","post","type-post","status-publish","format-standard","has-post-thumbnail","hentry","category-institucional","category-noticias","tag-aprad","tag-noticias-de-rosario","tag-rosario","tag-santa-fe"],"_links":{"self":[{"href":"https:\/\/www.rosarioalerta.com.ar\/site\/wp-json\/wp\/v2\/posts\/30193","targetHints":{"allow":["GET"]}}],"collection":[{"href":"https:\/\/www.rosarioalerta.com.ar\/site\/wp-json\/wp\/v2\/posts"}],"about":[{"href":"https:\/\/www.rosarioalerta.com.ar\/site\/wp-json\/wp\/v2\/types\/post"}],"author":[{"embeddable":true,"href":"https:\/\/www.rosarioalerta.com.ar\/site\/wp-json\/wp\/v2\/users\/2"}],"replies":[{"embeddable":true,"href":"https:\/\/www.rosarioalerta.com.ar\/site\/wp-json\/wp\/v2\/comments?post=30193"}],"version-history":[{"count":2,"href":"https:\/\/www.rosarioalerta.com.ar\/site\/wp-json\/wp\/v2\/posts\/30193\/revisions"}],"predecessor-version":[{"id":30197,"href":"https:\/\/www.rosarioalerta.com.ar\/site\/wp-json\/wp\/v2\/posts\/30193\/revisions\/30197"}],"wp:featuredmedia":[{"embeddable":true,"href":"https:\/\/www.rosarioalerta.com.ar\/site\/wp-json\/wp\/v2\/media\/30194"}],"wp:attachment":[{"href":"https:\/\/www.rosarioalerta.com.ar\/site\/wp-json\/wp\/v2\/media?parent=30193"}],"wp:term":[{"taxonomy":"category","embeddable":true,"href":"https:\/\/www.rosarioalerta.com.ar\/site\/wp-json\/wp\/v2\/categories?post=30193"},{"taxonomy":"post_tag","embeddable":true,"href":"https:\/\/www.rosarioalerta.com.ar\/site\/wp-json\/wp\/v2\/tags?post=30193"}],"curies":[{"name":"wp","href":"https:\/\/api.w.org\/{rel}","templated":true}]}}