{"id":30187,"date":"2026-01-09T07:38:01","date_gmt":"2026-01-09T10:38:01","guid":{"rendered":"https:\/\/www.rosarioalerta.com.ar\/site\/?p=30187"},"modified":"2026-01-09T07:38:04","modified_gmt":"2026-01-09T10:38:04","slug":"entrego-a-piranita-y-quedo-detenido","status":"publish","type":"post","link":"https:\/\/www.rosarioalerta.com.ar\/site\/archivos\/30187","title":{"rendered":"Entreg\u00f3 a \u201cPira\u00f1ita\u201d y qued\u00f3 detenido"},"content":{"rendered":"\n<p>Ayer imputaron al joven acusado de llevar a Ram\u00edrez a su muerte<\/p>\n\n\n\n<p>La Justicia imput\u00f3 a uno de los involucrados en el crimen del adolescente asesinado el 31 de diciembre en la zona sur de Rosario. La audiencia por el homicidio de <strong>Valentino Yandel Ram\u00edrez de 16 a\u00f1os alias Pira\u00f1ita<\/strong>, se realiz\u00f3 este jueves, en el Centro de Justicia Penal de Rosario. El crimen ocurri\u00f3 el 31 de diciembre de 2025, en la intersecci\u00f3n de <strong>Biedma y Esmeralda, <\/strong>cuando la v\u00edctima circulaba en bicicleta. El fiscal <strong>Franco Tasini<\/strong> imput\u00f3 a <strong>Kevin Cort\u00e9s<\/strong> como coautor del hecho, acusado de haber facilitado el ataque que termin\u00f3 con la vida del adolescente.<\/p>\n\n\n\n<p>Seg\u00fan la imputaci\u00f3n fiscal, <strong>Cort\u00e9s<\/strong> y <strong>un menor de edad<\/strong> se cruzaron con <strong>Ram\u00edrez<\/strong>, conocido como \u201c<strong>Pira\u00f1ita<\/strong>\u201d, mientras este se desplazaba en bicicleta. Mantuvieron una breve conversaci\u00f3n y caminaron a la par hasta llegar a <strong>Biedma y Esmeralda<\/strong>.<\/p>\n\n\n\n<p>En ese punto, el imputado se coloc\u00f3 de forma abrupta delante de la bicicleta, bloqueando el paso y reduciendo la capacidad de reacci\u00f3n de la v\u00edctima. Esa maniobra <strong>permiti\u00f3 que un tercer hombre<\/strong>, <strong>a\u00fan no identificado,<\/strong> se acercara por detr\u00e1s y efectuara <strong>al menos tres disparos con un arma calibre 9 mil\u00edmetros, seguidos de un cuarto tiro cuando el joven ya estaba en el suelo.<\/strong><\/p>\n\n\n\n<p>Las pericias determinaron que los disparos impactaron en zonas vitales y provocaron una hemorragia masiva, que deriv\u00f3 en un shock hipovol\u00e9mico y el fallecimiento en el lugar. Tras el ataque, los agresores escaparon corriendo por calle Esmeralda hacia el sur.<\/p>\n\n\n\n<p>El autor material de los disparos permanece pr\u00f3fugo, mientras la investigaci\u00f3n contin\u00faa para identificarlo.<\/p>\n\n\n\n<p>Durante la audiencia, el fiscal <strong>Tasini<\/strong> calific\u00f3 el hecho como homicidio doloso agravado por alevos\u00eda, por el uso de arma de fuego y por la participaci\u00f3n de un menor. La jueza <strong>Luciana Vallarella<\/strong> dio por formalizada la imputaci\u00f3n y dispuso la prisi\u00f3n preventiva de <strong>Cort\u00e9s<\/strong> por el plazo legal.<\/p>\n\n\n\n<p>La <strong>Fiscal\u00eda<\/strong> inform\u00f3 que el imputado <strong>hab\u00eda sido detenido en agosto de 2025<\/strong> durante un operativo por incidentes en los <strong>accesos al puerto<\/strong>, vinculado a disputas entre facciones. Actualmente, permanece detenido mientras avanza la causa.<\/p>\n<div class=\"newspaper-x-tags\"><strong>TAGS: <\/strong><span><a href=\"https:\/\/www.rosarioalerta.com.ar\/site\/archivos\/tag\/kevin-cortes\" rel=\"tag\">Kevin Cort\u00e9s<\/a><\/span><a href=\"https:\/\/www.rosarioalerta.com.ar\/site\/archivos\/tag\/noticias-de-rosario\" rel=\"tag\">Noticias de Rosario<\/a><\/span><a href=\"https:\/\/www.rosarioalerta.com.ar\/site\/archivos\/tag\/piranita\" rel=\"tag\">Pira\u00f1ita<\/a><\/span><a href=\"https:\/\/www.rosarioalerta.com.ar\/site\/archivos\/tag\/rosario\" rel=\"tag\">Rosario<\/a><\/span><a href=\"https:\/\/www.rosarioalerta.com.ar\/site\/archivos\/tag\/santa-fe\" rel=\"tag\">Santa Fe<\/a><\/span><a href=\"https:\/\/www.rosarioalerta.com.ar\/site\/archivos\/tag\/valentino-yandel-ramirez\" rel=\"tag\">Valentino Yandel Ram\u00edrez<\/a> <\/div>","protected":false},"excerpt":{"rendered":"<p>Ayer imputaron al joven acusado de llevar a Ram\u00edrez a su muerte La Justicia imput\u00f3 a uno de los involucrados en el crimen del adolescente asesinado el 31 de diciembre en la zona sur de Rosario. La audiencia por el homicidio de Valentino Yandel Ram\u00edrez de 16 a\u00f1os alias Pira\u00f1ita, se realiz\u00f3 este jueves, en [&hellip;]<\/p>\n","protected":false},"author":2,"featured_media":30188,"comment_status":"open","ping_status":"open","sticky":false,"template":"","format":"standard","meta":{"_joinchat":[],"footnotes":""},"categories":[11,13,21],"tags":[1932,95,1931,55,65,1930],"class_list":["post-30187","post","type-post","status-publish","format-standard","has-post-thumbnail","hentry","category-detenidos","category-judiciales","category-noticias","tag-kevin-cortes","tag-noticias-de-rosario","tag-piranita","tag-rosario","tag-santa-fe","tag-valentino-yandel-ramirez"],"_links":{"self":[{"href":"https:\/\/www.rosarioalerta.com.ar\/site\/wp-json\/wp\/v2\/posts\/30187","targetHints":{"allow":["GET"]}}],"collection":[{"href":"https:\/\/www.rosarioalerta.com.ar\/site\/wp-json\/wp\/v2\/posts"}],"about":[{"href":"https:\/\/www.rosarioalerta.com.ar\/site\/wp-json\/wp\/v2\/types\/post"}],"author":[{"embeddable":true,"href":"https:\/\/www.rosarioalerta.com.ar\/site\/wp-json\/wp\/v2\/users\/2"}],"replies":[{"embeddable":true,"href":"https:\/\/www.rosarioalerta.com.ar\/site\/wp-json\/wp\/v2\/comments?post=30187"}],"version-history":[{"count":1,"href":"https:\/\/www.rosarioalerta.com.ar\/site\/wp-json\/wp\/v2\/posts\/30187\/revisions"}],"predecessor-version":[{"id":30189,"href":"https:\/\/www.rosarioalerta.com.ar\/site\/wp-json\/wp\/v2\/posts\/30187\/revisions\/30189"}],"wp:featuredmedia":[{"embeddable":true,"href":"https:\/\/www.rosarioalerta.com.ar\/site\/wp-json\/wp\/v2\/media\/30188"}],"wp:attachment":[{"href":"https:\/\/www.rosarioalerta.com.ar\/site\/wp-json\/wp\/v2\/media?parent=30187"}],"wp:term":[{"taxonomy":"category","embeddable":true,"href":"https:\/\/www.rosarioalerta.com.ar\/site\/wp-json\/wp\/v2\/categories?post=30187"},{"taxonomy":"post_tag","embeddable":true,"href":"https:\/\/www.rosarioalerta.com.ar\/site\/wp-json\/wp\/v2\/tags?post=30187"}],"curies":[{"name":"wp","href":"https:\/\/api.w.org\/{rel}","templated":true}]}}