{"id":30184,"date":"2026-01-09T07:29:35","date_gmt":"2026-01-09T10:29:35","guid":{"rendered":"https:\/\/www.rosarioalerta.com.ar\/site\/?p=30184"},"modified":"2026-01-09T07:35:29","modified_gmt":"2026-01-09T10:35:29","slug":"violencia-a-bordo-2","status":"publish","type":"post","link":"https:\/\/www.rosarioalerta.com.ar\/site\/archivos\/30184","title":{"rendered":"Violencia a bordo"},"content":{"rendered":"\n<p>Dos robos a transportes p\u00fablicos se concretaron anoche en Rosario<\/p>\n\n\n\n<p>Un primer episodio se registr\u00f3 anoche, a bordo de un interno de la <strong>l\u00ednea 141 <\/strong>y el asalto a un taxista, un poco m\u00e1s al oeste, tuvieron lugar en las \u00faltimas horas. Los episodios se registraron el mismo d\u00eda, en distintos horarios, y dejaron como saldo una pasajera herida leve y un conductor amenazado con un arma blanca.<\/p>\n\n\n\n<p>El primer hecho tuvo lugar en la intersecci\u00f3n de <strong>Urquiza y Larrea<\/strong>, cuando dos hombres subieron a un <strong>interno de la l\u00ednea 141<\/strong> y abonaron el viaje. Minutos despu\u00e9s, mientras el colectivo continuaba su recorrido, comenzaron a intimidar a los pasajeros con intenciones de robo.<\/p>\n\n\n\n<p>Durante el ataque, una mujer fue golpeada y sufri\u00f3 escoriaciones, por lo que debi\u00f3 ser asistida por el <strong>SIES<\/strong>. No present\u00f3 lesiones de gravedad. En medio de la situaci\u00f3n, el chofer activ\u00f3 el cierre de puertas para evitar la huida de los agresores.<\/p>\n\n\n\n<p>A pesar de la maniobra, uno de los delincuentes logr\u00f3 arrebatarle la mochila a una pasajera joven, que conten\u00eda documentaci\u00f3n y objetos personales. Luego, forz\u00f3 una de las salidas y escap\u00f3 a pie. El segundo sospechoso tambi\u00e9n logr\u00f3 huir antes de la llegada policial.<\/p>\n\n\n\n<p>Horas m\u00e1s tarde, en <strong>Avellaneda y 3 de Febrero<\/strong>, un taxista se ocupa con lo &nbsp;que result\u00f3 ser un falso pasajero. Este solicit\u00f3 ser trasladado hasta <strong>Chaparro y la colectora del viaducto Che Guevara<\/strong>. Al llegar al destino, extrajo un cuchillo y amenaz\u00f3 de muerte al conductor.<\/p>\n\n\n\n<p>El agresor le rob\u00f3 la recaudaci\u00f3n y descendi\u00f3 r\u00e1pidamente del veh\u00edculo. El chofer no result\u00f3 herido y realiz\u00f3 la denuncia correspondiente.<\/p>\n\n\n\n<p>Fuentes policiales confirmaron que se analizan c\u00e1maras de seguridad de ambas zonas para identificar a los sospechosos. Hasta el momento, no se informaron detenciones. Las causas quedaron en manos de la fiscal\u00eda de turno.<\/p>\n<div class=\"newspaper-x-tags\"><strong>TAGS: <\/strong><span><a href=\"https:\/\/www.rosarioalerta.com.ar\/site\/archivos\/tag\/noticias-de-rosario\" rel=\"tag\">Noticias de Rosario<\/a><\/span><a href=\"https:\/\/www.rosarioalerta.com.ar\/site\/archivos\/tag\/rosario\" rel=\"tag\">Rosario<\/a><\/span><a href=\"https:\/\/www.rosarioalerta.com.ar\/site\/archivos\/tag\/santa-fe\" rel=\"tag\">Santa Fe<\/a> <\/div>","protected":false},"excerpt":{"rendered":"<p>Dos robos a transportes p\u00fablicos se concretaron anoche en Rosario Un primer episodio se registr\u00f3 anoche, a bordo de un interno de la l\u00ednea 141 y el asalto a un taxista, un poco m\u00e1s al oeste, tuvieron lugar en las \u00faltimas horas. Los episodios se registraron el mismo d\u00eda, en distintos horarios, y dejaron como [&hellip;]<\/p>\n","protected":false},"author":2,"featured_media":30186,"comment_status":"open","ping_status":"open","sticky":false,"template":"","format":"standard","meta":{"_joinchat":[],"footnotes":""},"categories":[21,14,2,53],"tags":[95,55,65],"class_list":["post-30184","post","type-post","status-publish","format-standard","has-post-thumbnail","hentry","category-noticias","category-policiales","category-robos","category-taxis","tag-noticias-de-rosario","tag-rosario","tag-santa-fe"],"_links":{"self":[{"href":"https:\/\/www.rosarioalerta.com.ar\/site\/wp-json\/wp\/v2\/posts\/30184","targetHints":{"allow":["GET"]}}],"collection":[{"href":"https:\/\/www.rosarioalerta.com.ar\/site\/wp-json\/wp\/v2\/posts"}],"about":[{"href":"https:\/\/www.rosarioalerta.com.ar\/site\/wp-json\/wp\/v2\/types\/post"}],"author":[{"embeddable":true,"href":"https:\/\/www.rosarioalerta.com.ar\/site\/wp-json\/wp\/v2\/users\/2"}],"replies":[{"embeddable":true,"href":"https:\/\/www.rosarioalerta.com.ar\/site\/wp-json\/wp\/v2\/comments?post=30184"}],"version-history":[{"count":1,"href":"https:\/\/www.rosarioalerta.com.ar\/site\/wp-json\/wp\/v2\/posts\/30184\/revisions"}],"predecessor-version":[{"id":30185,"href":"https:\/\/www.rosarioalerta.com.ar\/site\/wp-json\/wp\/v2\/posts\/30184\/revisions\/30185"}],"wp:featuredmedia":[{"embeddable":true,"href":"https:\/\/www.rosarioalerta.com.ar\/site\/wp-json\/wp\/v2\/media\/30186"}],"wp:attachment":[{"href":"https:\/\/www.rosarioalerta.com.ar\/site\/wp-json\/wp\/v2\/media?parent=30184"}],"wp:term":[{"taxonomy":"category","embeddable":true,"href":"https:\/\/www.rosarioalerta.com.ar\/site\/wp-json\/wp\/v2\/categories?post=30184"},{"taxonomy":"post_tag","embeddable":true,"href":"https:\/\/www.rosarioalerta.com.ar\/site\/wp-json\/wp\/v2\/tags?post=30184"}],"curies":[{"name":"wp","href":"https:\/\/api.w.org\/{rel}","templated":true}]}}