{"id":30173,"date":"2026-01-08T16:47:04","date_gmt":"2026-01-08T19:47:04","guid":{"rendered":"https:\/\/www.rosarioalerta.com.ar\/site\/?p=30173"},"modified":"2026-01-08T16:47:09","modified_gmt":"2026-01-08T19:47:09","slug":"allanamientos-y-detenciones-por-abuso-de-armas","status":"publish","type":"post","link":"https:\/\/www.rosarioalerta.com.ar\/site\/archivos\/30173","title":{"rendered":"Allanamientos y detenciones por abuso de armas"},"content":{"rendered":"\n<p>Los mismos fueron en Alvear y Villa Gobernador G\u00e1lvez<\/p>\n\n\n\n<p>Cuatro personas quedaron detenidas tras una investigaci\u00f3n por un ataque a balazos ocurrido a comienzos de enero. Allanamientos y detenciones se concretaron este jueves en <strong>Alvear y Villa Gobernador G\u00e1lvez<\/strong>, en el marco de una causa por abuso de armas. Los operativos fueron ordenados por el Ministerio P\u00fablico de la Acusaci\u00f3n tras un ataque armado ocurrido el <strong>5 de enero<\/strong>, cuando <strong>un hombre result\u00f3 herido por disparos efectuados desde una bicicleta.<\/strong><\/p>\n\n\n\n<p>El episodio que dio origen a la causa ocurri\u00f3 en <strong>Villa Gobernador G\u00e1lvez<\/strong>. Seg\u00fan la investigaci\u00f3n, dos personas que se desplazaban en bicicleta efectuaron disparos de arma de fuego contra un hombre que se encontraba en la vereda. La v\u00edctima result\u00f3 herida y recibi\u00f3 atenci\u00f3n m\u00e9dica. El motivo del ataque a\u00fan se investiga.<\/p>\n\n\n\n<p>La pesquisa es llevada adelante por la Unidad Fiscal Especial de Violencia Altamente Lesiva de la Fiscal\u00eda Regional 2, con intervenci\u00f3n de la fiscal Paula Barros, en conjunto con la <strong>Polic\u00eda de Investigaciones<\/strong> (PDI).<\/p>\n\n\n\n<p>A partir de tareas de inteligencia y an\u00e1lisis de evidencia, se dispuso una serie de allanamientos simult\u00e1neos en ambas localidades.<\/p>\n\n\n\n<p>En <strong>Alvear<\/strong>, los procedimientos se realizaron en <strong>Santa Fe al 2100, Santa Fe al 1600, General Savio al 2100 y Avellaneda al 1600<\/strong>.<br>En <strong>Villa Gobernador G\u00e1lvez<\/strong>, los operativos tuvieron lugar en <strong>Ricchieri al 2800, Pasaje Fray Justo Santa Mar\u00eda de Oro al 2400, Mosconi y Liniers, y Magallanes y Liniers.<\/strong><\/p>\n\n\n\n<p>Como resultado, se secuestr\u00f3 dinero en efectivo, celulares, material bal\u00edstico, una bicicleta, una motocicleta y un arma de fuego.<\/p>\n\n\n\n<p>Por orden fiscal, cuatro personas \u2014tres mujeres y un joven\u2014 quedaron detenidas. Adem\u00e1s, otras personas fueron aprehendidas y su situaci\u00f3n procesal a\u00fan est\u00e1 en evaluaci\u00f3n.<\/p>\n\n\n\n<p>La audiencia imputativa para los detenidos se realizar\u00e1 en los pr\u00f3ximos d\u00edas en el Centro de Justicia Penal, con fecha y horario a confirmar.<\/p>\n<div class=\"newspaper-x-tags\"><strong>TAGS: <\/strong><span><a href=\"https:\/\/www.rosarioalerta.com.ar\/site\/archivos\/tag\/alvear\" rel=\"tag\">Alvear<\/a><\/span><a href=\"https:\/\/www.rosarioalerta.com.ar\/site\/archivos\/tag\/noticias-de-alvear\" rel=\"tag\">Noticias de Alvear<\/a><\/span><a href=\"https:\/\/www.rosarioalerta.com.ar\/site\/archivos\/tag\/noticias-de-rosario\" rel=\"tag\">Noticias de Rosario<\/a><\/span><a href=\"https:\/\/www.rosarioalerta.com.ar\/site\/archivos\/tag\/noticias-de-vgg\" rel=\"tag\">Noticias de VGG<\/a><\/span><a href=\"https:\/\/www.rosarioalerta.com.ar\/site\/archivos\/tag\/rosario\" rel=\"tag\">Rosario<\/a><\/span><a href=\"https:\/\/www.rosarioalerta.com.ar\/site\/archivos\/tag\/santa-fe\" rel=\"tag\">Santa Fe<\/a><\/span><a href=\"https:\/\/www.rosarioalerta.com.ar\/site\/archivos\/tag\/vgg\" rel=\"tag\">VGG<\/a> <\/div>","protected":false},"excerpt":{"rendered":"<p>Los mismos fueron en Alvear y Villa Gobernador G\u00e1lvez Cuatro personas quedaron detenidas tras una investigaci\u00f3n por un ataque a balazos ocurrido a comienzos de enero. Allanamientos y detenciones se concretaron este jueves en Alvear y Villa Gobernador G\u00e1lvez, en el marco de una causa por abuso de armas. Los operativos fueron ordenados por el [&hellip;]<\/p>\n","protected":false},"author":2,"featured_media":30174,"comment_status":"open","ping_status":"open","sticky":false,"template":"","format":"standard","meta":{"_joinchat":[],"footnotes":""},"categories":[12,11,21,14],"tags":[91,300,95,94,55,65,60],"class_list":["post-30173","post","type-post","status-publish","format-standard","has-post-thumbnail","hentry","category-allanamientos","category-detenidos","category-noticias","category-policiales","tag-alvear","tag-noticias-de-alvear","tag-noticias-de-rosario","tag-noticias-de-vgg","tag-rosario","tag-santa-fe","tag-vgg"],"_links":{"self":[{"href":"https:\/\/www.rosarioalerta.com.ar\/site\/wp-json\/wp\/v2\/posts\/30173","targetHints":{"allow":["GET"]}}],"collection":[{"href":"https:\/\/www.rosarioalerta.com.ar\/site\/wp-json\/wp\/v2\/posts"}],"about":[{"href":"https:\/\/www.rosarioalerta.com.ar\/site\/wp-json\/wp\/v2\/types\/post"}],"author":[{"embeddable":true,"href":"https:\/\/www.rosarioalerta.com.ar\/site\/wp-json\/wp\/v2\/users\/2"}],"replies":[{"embeddable":true,"href":"https:\/\/www.rosarioalerta.com.ar\/site\/wp-json\/wp\/v2\/comments?post=30173"}],"version-history":[{"count":1,"href":"https:\/\/www.rosarioalerta.com.ar\/site\/wp-json\/wp\/v2\/posts\/30173\/revisions"}],"predecessor-version":[{"id":30175,"href":"https:\/\/www.rosarioalerta.com.ar\/site\/wp-json\/wp\/v2\/posts\/30173\/revisions\/30175"}],"wp:featuredmedia":[{"embeddable":true,"href":"https:\/\/www.rosarioalerta.com.ar\/site\/wp-json\/wp\/v2\/media\/30174"}],"wp:attachment":[{"href":"https:\/\/www.rosarioalerta.com.ar\/site\/wp-json\/wp\/v2\/media?parent=30173"}],"wp:term":[{"taxonomy":"category","embeddable":true,"href":"https:\/\/www.rosarioalerta.com.ar\/site\/wp-json\/wp\/v2\/categories?post=30173"},{"taxonomy":"post_tag","embeddable":true,"href":"https:\/\/www.rosarioalerta.com.ar\/site\/wp-json\/wp\/v2\/tags?post=30173"}],"curies":[{"name":"wp","href":"https:\/\/api.w.org\/{rel}","templated":true}]}}