{"id":30168,"date":"2026-01-08T10:11:33","date_gmt":"2026-01-08T13:11:33","guid":{"rendered":"https:\/\/www.rosarioalerta.com.ar\/site\/?p=30168"},"modified":"2026-01-08T10:11:34","modified_gmt":"2026-01-08T13:11:34","slug":"murio-por-una-infeccion-el-hombre-que-fue-atacado-en-perez","status":"publish","type":"post","link":"https:\/\/www.rosarioalerta.com.ar\/site\/archivos\/30168","title":{"rendered":"Muri\u00f3 por una infecci\u00f3n el hombre que fue atacado en P\u00e9rez"},"content":{"rendered":"\n<p>Habr\u00eda recibido disparos en las piernas y un golpe en la cabeza, se dio el alta voluntaria y luego muri\u00f3 en su casa<\/p>\n\n\n\n<p>Todo comenz\u00f3 el <strong>1\u00b0 de enero<\/strong> en <strong>barrio Cab\u00edn 9 de P\u00e9rez<\/strong>, en la puerta de la casa de la v\u00edctima en <strong>Los Guayacanes al 100<\/strong>. El caso es investigado por el MPA. <strong>Mart\u00edn D\u00edaz<\/strong>, result\u00f3 herido de arma de fuego el 1 de enero de 2025, cerca de las 22, en <strong>Los Guayacanes al 100<\/strong>, en la ciudad de <strong>P\u00e9rez<\/strong>. El ataque fue reportado por m\u00faltiples llamados a la <strong>Central de Emergencias del 911<\/strong>, lo que motiv\u00f3 la intervenci\u00f3n policial y el traslado de la v\u00edctima a un centro de salud. El caso <strong>es investigado<\/strong> como <strong>homicidio culposo<\/strong>, seg\u00fan inform\u00f3 el <strong>Ministerio P\u00fablico de la Acusaci\u00f3n<\/strong>.<\/p>\n\n\n\n<p>Personal del <strong>Comando Radioel\u00e9ctrico<\/strong>, llega a la escena y encuentra a <strong>D\u00edaz<\/strong> con heridas de bala con orificio de entrada y salida en la pierna derecha, otro impacto en la pierna izquierda y una lesi\u00f3n cortante en la cabeza, atribuida a un golpe con un objeto contundente. La v\u00edctima fue auxiliada de inmediato y derivada al <strong>Hospital Municipal \u201cEl Guri\u201d,<\/strong> para luego ser derivado por el <strong>SIES<\/strong> al <strong>Hospital Centenario<\/strong>, recibiendo curaciones y d\u00e1ndose el alta m\u00e9dica voluntaria, para regresar a su casa, al d\u00eda siguiente<\/p>\n\n\n\n<p>Durante una inspecci\u00f3n preliminar, los agentes hallaron una vaina servida, que fue preservada para peritajes posteriores. El procedimiento qued\u00f3 bajo jurisdicci\u00f3n de la <strong>Comisar\u00eda 22\u00ba<\/strong>. Sus vecinos se\u00f1alaron que el presunto agresor ser\u00eda un hombre que vest\u00eda remera roja y gorra, aunque hasta el momento no se informaron detenciones. La reconstrucci\u00f3n del hecho se apoya en testimonios barriales y evidencia recolectada en la escena, las que hablan de una discusi\u00f3n con j\u00f3venes que se desplazaban en moto a gran velocidad y realizando destrezas en la v\u00eda p\u00fablica, a las que <strong>D\u00edaz<\/strong> recrimin\u00f3 y recibi\u00f3 como respuesta, un golpe y los disparos en las extremidades inferiores<\/p>\n\n\n\n<p>Un testimonio incorporado a la causa se\u00f1ala que la v\u00edctima fue golpeada en la cabeza y luego recibi\u00f3 los disparos cuando ya estaba en el suelo. \u201cPrimero lo golpearon y despu\u00e9s le dispararon\u201d, relat\u00f3 un vecino ante los investigadores.<\/p>\n\n\n\n<p>D\u00edaz solicit\u00f3 el alta voluntaria tras una primera atenci\u00f3n m\u00e9dica, pero regres\u00f3 cinco d\u00edas m\u00e1s tarde con una infecci\u00f3n avanzada, cuadro que deriv\u00f3 en su fallecimiento. Por esta secuencia, el MPA encuadr\u00f3 el hecho como <strong>homicidio culposo<\/strong>. La investigaci\u00f3n contin\u00faa para determinar responsabilidades y esclarecer la mec\u00e1nica del ataque.<\/p>\n<div class=\"newspaper-x-tags\"><strong>TAGS: <\/strong><span><a href=\"https:\/\/www.rosarioalerta.com.ar\/site\/archivos\/tag\/martin-diaz\" rel=\"tag\">Mart\u00edn D\u00edaz<\/a><\/span><a href=\"https:\/\/www.rosarioalerta.com.ar\/site\/archivos\/tag\/noticias-de-perez-2\" rel=\"tag\">Noticias de P\u00e9rez<\/a><\/span><a href=\"https:\/\/www.rosarioalerta.com.ar\/site\/archivos\/tag\/noticias-de-rosario\" rel=\"tag\">Noticias de Rosario<\/a><\/span><a href=\"https:\/\/www.rosarioalerta.com.ar\/site\/archivos\/tag\/perez-3\" rel=\"tag\">P\u00e9rez<\/a><\/span><a href=\"https:\/\/www.rosarioalerta.com.ar\/site\/archivos\/tag\/rosario\" rel=\"tag\">Rosario<\/a><\/span><a href=\"https:\/\/www.rosarioalerta.com.ar\/site\/archivos\/tag\/santa-fe\" rel=\"tag\">Santa Fe<\/a> <\/div>","protected":false},"excerpt":{"rendered":"<p>Habr\u00eda recibido disparos en las piernas y un golpe en la cabeza, se dio el alta voluntaria y luego muri\u00f3 en su casa Todo comenz\u00f3 el 1\u00b0 de enero en barrio Cab\u00edn 9 de P\u00e9rez, en la puerta de la casa de la v\u00edctima en Los Guayacanes al 100. El caso es investigado por el [&hellip;]<\/p>\n","protected":false},"author":2,"featured_media":30169,"comment_status":"open","ping_status":"open","sticky":false,"template":"","format":"standard","meta":{"_joinchat":[],"footnotes":""},"categories":[21,14],"tags":[1929,427,95,428,55,65],"class_list":["post-30168","post","type-post","status-publish","format-standard","has-post-thumbnail","hentry","category-noticias","category-policiales","tag-martin-diaz","tag-noticias-de-perez-2","tag-noticias-de-rosario","tag-perez-3","tag-rosario","tag-santa-fe"],"_links":{"self":[{"href":"https:\/\/www.rosarioalerta.com.ar\/site\/wp-json\/wp\/v2\/posts\/30168","targetHints":{"allow":["GET"]}}],"collection":[{"href":"https:\/\/www.rosarioalerta.com.ar\/site\/wp-json\/wp\/v2\/posts"}],"about":[{"href":"https:\/\/www.rosarioalerta.com.ar\/site\/wp-json\/wp\/v2\/types\/post"}],"author":[{"embeddable":true,"href":"https:\/\/www.rosarioalerta.com.ar\/site\/wp-json\/wp\/v2\/users\/2"}],"replies":[{"embeddable":true,"href":"https:\/\/www.rosarioalerta.com.ar\/site\/wp-json\/wp\/v2\/comments?post=30168"}],"version-history":[{"count":1,"href":"https:\/\/www.rosarioalerta.com.ar\/site\/wp-json\/wp\/v2\/posts\/30168\/revisions"}],"predecessor-version":[{"id":30170,"href":"https:\/\/www.rosarioalerta.com.ar\/site\/wp-json\/wp\/v2\/posts\/30168\/revisions\/30170"}],"wp:featuredmedia":[{"embeddable":true,"href":"https:\/\/www.rosarioalerta.com.ar\/site\/wp-json\/wp\/v2\/media\/30169"}],"wp:attachment":[{"href":"https:\/\/www.rosarioalerta.com.ar\/site\/wp-json\/wp\/v2\/media?parent=30168"}],"wp:term":[{"taxonomy":"category","embeddable":true,"href":"https:\/\/www.rosarioalerta.com.ar\/site\/wp-json\/wp\/v2\/categories?post=30168"},{"taxonomy":"post_tag","embeddable":true,"href":"https:\/\/www.rosarioalerta.com.ar\/site\/wp-json\/wp\/v2\/tags?post=30168"}],"curies":[{"name":"wp","href":"https:\/\/api.w.org\/{rel}","templated":true}]}}