{"id":30149,"date":"2026-01-07T08:00:43","date_gmt":"2026-01-07T11:00:43","guid":{"rendered":"https:\/\/www.rosarioalerta.com.ar\/site\/?p=30149"},"modified":"2026-01-07T08:00:45","modified_gmt":"2026-01-07T11:00:45","slug":"plan-bandera-en-rosario","status":"publish","type":"post","link":"https:\/\/www.rosarioalerta.com.ar\/site\/archivos\/30149","title":{"rendered":"Plan Bandera en Rosario"},"content":{"rendered":"\n<p>El Ministerio de Seguridad reordena fuerzas federales tras la baja del delito<\/p>\n\n\n\n<p>Una resoluci\u00f3n nacional dispuso cambios en el despliegue operativo en Rosario, tras la mejora sostenida de los indicadores criminales desde 2024. El Ministerio de Seguridad Nacional resolvi\u00f3 el 5 de enero de 2026, en la Ciudad de Buenos Aires, <strong>reordenar el despliegue de fuerzas federales<\/strong> en <strong>Rosario<\/strong> en el marco del <strong>Plan Bandera<\/strong>. La medida se formaliz\u00f3 mediante la Resoluci\u00f3n 4\/2026 y se basa en la reducci\u00f3n sostenida de homicidios y delitos violentos registrada desde la implementaci\u00f3n del plan. El cambio se instrumentar\u00e1 a trav\u00e9s de una redistribuci\u00f3n de recursos humanos y operativos, sin retirar presencia federal de la ciudad.<\/p>\n\n\n\n<p>La resoluci\u00f3n deroga la creaci\u00f3n del <strong>Grupo Especial Antinarcotr\u00e1fico<\/strong> <strong>Rosario<\/strong> (GEANRO), activo desde mayo de 2024, y <strong>ordena reasignar<\/strong> a su personal dentro de las fuerzas federales que operan en la jurisdicci\u00f3n. La medida entrar\u00e1 en vigencia a partir de su publicaci\u00f3n en el <strong>Bolet\u00edn Oficial<\/strong>.<\/p>\n\n\n\n<p>Desde la cartera nacional aclararon que la decisi\u00f3n responde a una optimizaci\u00f3n del dispositivo de seguridad, tras cumplirse la etapa inicial del Plan Bandera.<\/p>\n\n\n\n<p>El <strong>Plan Bandera<\/strong> articul\u00f3 tareas entre <strong>Gendarmer\u00eda, Prefectura, Polic\u00eda Federal, PSA y el Servicio Penitenciario Federal<\/strong>, con foco en el combate al narcotr\u00e1fico y la criminalidad organizada. En paralelo, se consolidaron estructuras permanentes como el <strong>Grupo Operativo de Lucha contra el Narcotr\u00e1fico Regi\u00f3n Centro <\/strong>(GOC-Centro) y la Mesa de Intercambio de Informaci\u00f3n prevista en la Ley 23.737.<\/p>\n\n\n\n<p>Seg\u00fan datos del Observatorio de Seguridad P\u00fablica de Santa Fe, los homicidios dolosos bajaron m\u00e1s del 55% en la provincia y m\u00e1s del 65% en el departamento Rosario durante 2024. Tambi\u00e9n se redujeron en m\u00e1s del 55% las personas heridas por armas de fuego.<\/p>\n\n\n\n<p>La ministra <strong>Alejandra Monteoliva<\/strong> sostuvo en la resoluci\u00f3n que el reordenamiento \u201c<strong>no implica una disminuci\u00f3n del esfuerzo estatal<\/strong>\u201d, sino un uso m\u00e1s eficiente de los recursos disponibles.<\/p>\n\n\n\n<p>El Ministerio remarc\u00f3 que el esquema seguir\u00e1 siendo din\u00e1mico, con capacidad de refuerzo ante cambios en el mapa del delito. En Rosario, el <strong>Plan Bandera<\/strong> continuar\u00e1 vigente con presencia federal activa y coordinaci\u00f3n judicial, mientras se avanza en una nueva etapa de control territorial.<\/p>\n<div class=\"newspaper-x-tags\"><strong>TAGS: <\/strong><span><a href=\"https:\/\/www.rosarioalerta.com.ar\/site\/archivos\/tag\/noticias-de-rosario\" rel=\"tag\">Noticias de Rosario<\/a><\/span><a href=\"https:\/\/www.rosarioalerta.com.ar\/site\/archivos\/tag\/plan-bandera\" rel=\"tag\">Plan Bandera<\/a><\/span><a href=\"https:\/\/www.rosarioalerta.com.ar\/site\/archivos\/tag\/rosario\" rel=\"tag\">Rosario<\/a><\/span><a href=\"https:\/\/www.rosarioalerta.com.ar\/site\/archivos\/tag\/santa-fe\" rel=\"tag\">Santa Fe<\/a> <\/div>","protected":false},"excerpt":{"rendered":"<p>El Ministerio de Seguridad reordena fuerzas federales tras la baja del delito Una resoluci\u00f3n nacional dispuso cambios en el despliegue operativo en Rosario, tras la mejora sostenida de los indicadores criminales desde 2024. El Ministerio de Seguridad Nacional resolvi\u00f3 el 5 de enero de 2026, en la Ciudad de Buenos Aires, reordenar el despliegue de [&hellip;]<\/p>\n","protected":false},"author":2,"featured_media":30150,"comment_status":"open","ping_status":"open","sticky":false,"template":"","format":"standard","meta":{"_joinchat":[],"footnotes":""},"categories":[18,21],"tags":[95,529,55,65],"class_list":["post-30149","post","type-post","status-publish","format-standard","has-post-thumbnail","hentry","category-institucional","category-noticias","tag-noticias-de-rosario","tag-plan-bandera","tag-rosario","tag-santa-fe"],"_links":{"self":[{"href":"https:\/\/www.rosarioalerta.com.ar\/site\/wp-json\/wp\/v2\/posts\/30149","targetHints":{"allow":["GET"]}}],"collection":[{"href":"https:\/\/www.rosarioalerta.com.ar\/site\/wp-json\/wp\/v2\/posts"}],"about":[{"href":"https:\/\/www.rosarioalerta.com.ar\/site\/wp-json\/wp\/v2\/types\/post"}],"author":[{"embeddable":true,"href":"https:\/\/www.rosarioalerta.com.ar\/site\/wp-json\/wp\/v2\/users\/2"}],"replies":[{"embeddable":true,"href":"https:\/\/www.rosarioalerta.com.ar\/site\/wp-json\/wp\/v2\/comments?post=30149"}],"version-history":[{"count":1,"href":"https:\/\/www.rosarioalerta.com.ar\/site\/wp-json\/wp\/v2\/posts\/30149\/revisions"}],"predecessor-version":[{"id":30151,"href":"https:\/\/www.rosarioalerta.com.ar\/site\/wp-json\/wp\/v2\/posts\/30149\/revisions\/30151"}],"wp:featuredmedia":[{"embeddable":true,"href":"https:\/\/www.rosarioalerta.com.ar\/site\/wp-json\/wp\/v2\/media\/30150"}],"wp:attachment":[{"href":"https:\/\/www.rosarioalerta.com.ar\/site\/wp-json\/wp\/v2\/media?parent=30149"}],"wp:term":[{"taxonomy":"category","embeddable":true,"href":"https:\/\/www.rosarioalerta.com.ar\/site\/wp-json\/wp\/v2\/categories?post=30149"},{"taxonomy":"post_tag","embeddable":true,"href":"https:\/\/www.rosarioalerta.com.ar\/site\/wp-json\/wp\/v2\/tags?post=30149"}],"curies":[{"name":"wp","href":"https:\/\/api.w.org\/{rel}","templated":true}]}}