{"id":30145,"date":"2026-01-07T07:52:56","date_gmt":"2026-01-07T10:52:56","guid":{"rendered":"https:\/\/www.rosarioalerta.com.ar\/site\/?p=30145"},"modified":"2026-01-07T07:52:57","modified_gmt":"2026-01-07T10:52:57","slug":"balacera-en-tablada-2","status":"publish","type":"post","link":"https:\/\/www.rosarioalerta.com.ar\/site\/archivos\/30145","title":{"rendered":"Balacera en Tablada"},"content":{"rendered":"\n<p>Un herido y cuatro detenidos<\/p>\n\n\n\n<p>El ataque ocurri\u00f3 en la zona sur de la ciudad. La v\u00edctima fue trasladada al <strong>HECA<\/strong> con m\u00faltiples heridas de arma de fuego. La Polic\u00eda secuestr\u00f3 vainas calibre 9 mm y aprehendi\u00f3 a cuatro j\u00f3venes, a los que adem\u00e1s les secuestraron una moto.<\/p>\n\n\n\n<p>Un hombre de 36 a\u00f1os fue baleado anoche, minutos antes de las 22, en la esquina de <strong>Biedma y Esmeralda<\/strong>, en Rosario, en un hecho calificado como tentativa de homicidio. La v\u00edctima recibi\u00f3 varios disparos y fue trasladada de urgencia al <strong>Hospital de Emergencias Clemente \u00c1lvarez<\/strong> (HECA). El ataque se produjo por motivos que a\u00fan se investigan y habr\u00eda sido ejecutado por personas que se movilizaban en motocicletas.<\/p>\n\n\n\n<p>Seg\u00fan fuentes policiales, personal que patrullaba la zona fue alertado por vecinos y encontr\u00f3 al hombre tendido en la vereda, con heridas de arma de fuego en el abdomen y el hombro derecho, una de ellas con entrada y salida. Minutos despu\u00e9s, una ambulancia del <strong>SIES<\/strong> lo traslad\u00f3 al <strong>HECA<\/strong>, donde se diagnosticaron m\u00faltiples heridas de arma de fuego, quedando internado en observaci\u00f3n, con pron\u00f3stico de salud reservado<\/p>\n\n\n\n<p>En el lugar, la <strong>PDI<\/strong> secuestr\u00f3 cuatro vainas servidas calibre 9 mm. Tambi\u00e9n constataron impactos de bala en la fachada de una vivienda y en el parabrisas de un autom\u00f3vil Citro\u00ebn C4. De acuerdo con la reconstrucci\u00f3n inicial, los autores ser\u00edan cuatro personas que se desplazaban en dos motocicletas. A partir de los datos recolectados, la Polic\u00eda inici\u00f3 un operativo de b\u00fasqueda en la zona. Minutos m\u00e1s tarde en <strong>Spiro y Taf\u00ed,<\/strong> lograron aprehender a <strong>Dylan C de 18 a\u00f1os<\/strong>, se\u00f1alado como uno de los presuntos involucrados. En paralelo, otra patrulla demor\u00f3 a otras tres personas y secuestr\u00f3 una Honda Wave negra. No se hallaron armas de fuego y ninguno presentaba impedimentos legales vigentes.<\/p>\n\n\n\n<p>El ataque ocurri\u00f3 a pocas cuadras de donde, el 31 de diciembre, fue asesinado un adolescente de 16 a\u00f1os, apodado \u201cPira\u00f1ita\u201d quien adem\u00e1s de haber nacido en la c\u00e1rcel, dado que su madre cumpl\u00eda condena, contaba con antecedentes penales varios a pesar de su corta edad. Este hecho que tambi\u00e9n gener\u00f3 preocupaci\u00f3n por la reiteraci\u00f3n de episodios violentos en el sector.<\/p>\n\n\n\n<p>La causa qued\u00f3 en manos de la Justicia, que deber\u00e1 definir la situaci\u00f3n procesal del detenido y de los demorados. La investigaci\u00f3n contin\u00faa para determinar responsabilidades y la mec\u00e1nica del ataque.<\/p>\n\n\n\n<p>En paralelo en la zona norte de la ciudad, en <strong>Valent\u00edn G\u00f3mez al 4300<\/strong>, fue atacado un hombre, al cual trasladaron al <strong>Hospital Eva Per\u00f3n<\/strong>. La v\u00edctima de 43 a\u00f1os, presentaba m\u00faltiples traumatismos de cr\u00e1neo. Ante la premura del caso y el estado de salud de la persona, quien est\u00e1 en la sala de terapia intensiva, no se pudo establecer la motivaci\u00f3n de dicha agresi\u00f3n<\/p>\n<div class=\"newspaper-x-tags\"><strong>TAGS: <\/strong><span><a href=\"https:\/\/www.rosarioalerta.com.ar\/site\/archivos\/tag\/noticias-de-rosario\" rel=\"tag\">Noticias de Rosario<\/a><\/span><a href=\"https:\/\/www.rosarioalerta.com.ar\/site\/archivos\/tag\/rosario\" rel=\"tag\">Rosario<\/a><\/span><a href=\"https:\/\/www.rosarioalerta.com.ar\/site\/archivos\/tag\/santa-fe\" rel=\"tag\">Santa Fe<\/a> <\/div>","protected":false},"excerpt":{"rendered":"<p>Un herido y cuatro detenidos El ataque ocurri\u00f3 en la zona sur de la ciudad. La v\u00edctima fue trasladada al HECA con m\u00faltiples heridas de arma de fuego. La Polic\u00eda secuestr\u00f3 vainas calibre 9 mm y aprehendi\u00f3 a cuatro j\u00f3venes, a los que adem\u00e1s les secuestraron una moto. Un hombre de 36 a\u00f1os fue baleado [&hellip;]<\/p>\n","protected":false},"author":2,"featured_media":30147,"comment_status":"open","ping_status":"open","sticky":false,"template":"","format":"standard","meta":{"_joinchat":[],"footnotes":""},"categories":[11,17,21,14],"tags":[95,55,65],"class_list":["post-30145","post","type-post","status-publish","format-standard","has-post-thumbnail","hentry","category-detenidos","category-heridos","category-noticias","category-policiales","tag-noticias-de-rosario","tag-rosario","tag-santa-fe"],"_links":{"self":[{"href":"https:\/\/www.rosarioalerta.com.ar\/site\/wp-json\/wp\/v2\/posts\/30145","targetHints":{"allow":["GET"]}}],"collection":[{"href":"https:\/\/www.rosarioalerta.com.ar\/site\/wp-json\/wp\/v2\/posts"}],"about":[{"href":"https:\/\/www.rosarioalerta.com.ar\/site\/wp-json\/wp\/v2\/types\/post"}],"author":[{"embeddable":true,"href":"https:\/\/www.rosarioalerta.com.ar\/site\/wp-json\/wp\/v2\/users\/2"}],"replies":[{"embeddable":true,"href":"https:\/\/www.rosarioalerta.com.ar\/site\/wp-json\/wp\/v2\/comments?post=30145"}],"version-history":[{"count":1,"href":"https:\/\/www.rosarioalerta.com.ar\/site\/wp-json\/wp\/v2\/posts\/30145\/revisions"}],"predecessor-version":[{"id":30148,"href":"https:\/\/www.rosarioalerta.com.ar\/site\/wp-json\/wp\/v2\/posts\/30145\/revisions\/30148"}],"wp:featuredmedia":[{"embeddable":true,"href":"https:\/\/www.rosarioalerta.com.ar\/site\/wp-json\/wp\/v2\/media\/30147"}],"wp:attachment":[{"href":"https:\/\/www.rosarioalerta.com.ar\/site\/wp-json\/wp\/v2\/media?parent=30145"}],"wp:term":[{"taxonomy":"category","embeddable":true,"href":"https:\/\/www.rosarioalerta.com.ar\/site\/wp-json\/wp\/v2\/categories?post=30145"},{"taxonomy":"post_tag","embeddable":true,"href":"https:\/\/www.rosarioalerta.com.ar\/site\/wp-json\/wp\/v2\/tags?post=30145"}],"curies":[{"name":"wp","href":"https:\/\/api.w.org\/{rel}","templated":true}]}}