{"id":30142,"date":"2026-01-07T07:39:52","date_gmt":"2026-01-07T10:39:52","guid":{"rendered":"https:\/\/www.rosarioalerta.com.ar\/site\/?p=30142"},"modified":"2026-01-07T07:39:56","modified_gmt":"2026-01-07T10:39:56","slug":"detuvieron-a-un-sujeto-de-18-anos-por-un-caso-de-violencia-de-genero","status":"publish","type":"post","link":"https:\/\/www.rosarioalerta.com.ar\/site\/archivos\/30142","title":{"rendered":"Detuvieron a un sujeto de 18 a\u00f1os por un caso de violencia de g\u00e9nero"},"content":{"rendered":"\n<p>El allanamiento tuvo lugar este martes en Rosario<\/p>\n\n\n\n<p>La <strong>Polic\u00eda de Investigaciones<\/strong> (PDI) detuvo a un joven de 18 a\u00f1os en el marco de una causa por violencia de g\u00e9nero. El procedimiento se realiz\u00f3 tras una orden judicial por amenazas coactivas y lesiones leves dolosas calificadas por el v\u00ednculo, seg\u00fan confirmaron fuentes oficiales. El arresto se concret\u00f3 mediante un allanamiento dispuesto por la Justicia, luego de una denuncia y tareas investigativas espec\u00edficas.<\/p>\n\n\n\n<p>El operativo tuvo lugar en una vivienda ubicada en calle <strong>Tarragona al 1100<\/strong>, donde personal especializado identific\u00f3 y detuvo al presunto agresor. El acusado fue reconocido como <strong>Joaqu\u00edn L<\/strong>, quien se encontraba en el domicilio al momento del ingreso policial.<br>La medida fue ejecutada sin incidentes y bajo los protocolos vigentes para este tipo de intervenciones.<\/p>\n\n\n\n<p>La causa est\u00e1 a cargo de la <strong>Agencia de Investigaciones sobre Trata de Personas y Violencia de G\u00e9nero<\/strong> \u2013 Regi\u00f3n 2, dependiente de la Direcci\u00f3n General de la <strong>PDI<\/strong>. El \u00e1rea interviniente fue la de Investigaci\u00f3n de Violencia de G\u00e9nero, Sexual y Familiar, que reuni\u00f3 los elementos necesarios para solicitar la orden de allanamiento.<\/p>\n\n\n\n<p>Seg\u00fan informaron, las actuaciones se iniciaron a partir de una denuncia formal, lo que activ\u00f3 el circuito judicial correspondiente y la coordinaci\u00f3n con el Ministerio P\u00fablico.<\/p>\n\n\n\n<p>La investigaci\u00f3n cuenta con la intervenci\u00f3n de la Oficina de Violencia contra la Mujer, bajo la direcci\u00f3n de la Dra. Antonela Valente, quien dispuso el traslado del imputado a sede policial en calidad de detenido.<\/p>\n\n\n\n<p>Desde la <strong>PDI<\/strong> indicaron que el procedimiento se desarroll\u00f3 conforme a lo ordenado por la Justicia y que el detenido qued\u00f3 a disposici\u00f3n del \u00f3rgano judicial competente.<\/p>\n\n\n\n<p>El joven permanece detenido mientras avanza el proceso judicial. La causa contin\u00faa en etapa investigativa y se aguardan nuevas medidas procesales.<br>Las autoridades reiteraron la importancia de denunciar situaciones de violencia de g\u00e9nero y recordaron que existen canales institucionales para la asistencia y protecci\u00f3n de las v\u00edctimas.<\/p>\n<div class=\"newspaper-x-tags\"><strong>TAGS: <\/strong><span><a href=\"https:\/\/www.rosarioalerta.com.ar\/site\/archivos\/tag\/noticias-de-rosario\" rel=\"tag\">Noticias de Rosario<\/a><\/span><a href=\"https:\/\/www.rosarioalerta.com.ar\/site\/archivos\/tag\/rosario\" rel=\"tag\">Rosario<\/a><\/span><a href=\"https:\/\/www.rosarioalerta.com.ar\/site\/archivos\/tag\/santa-fe\" rel=\"tag\">Santa Fe<\/a> <\/div>","protected":false},"excerpt":{"rendered":"<p>El allanamiento tuvo lugar este martes en Rosario La Polic\u00eda de Investigaciones (PDI) detuvo a un joven de 18 a\u00f1os en el marco de una causa por violencia de g\u00e9nero. El procedimiento se realiz\u00f3 tras una orden judicial por amenazas coactivas y lesiones leves dolosas calificadas por el v\u00ednculo, seg\u00fan confirmaron fuentes oficiales. El arresto [&hellip;]<\/p>\n","protected":false},"author":2,"featured_media":30143,"comment_status":"open","ping_status":"open","sticky":false,"template":"","format":"standard","meta":{"_joinchat":[],"footnotes":""},"categories":[12,11,18,21,14,51],"tags":[95,55,65],"class_list":["post-30142","post","type-post","status-publish","format-standard","has-post-thumbnail","hentry","category-allanamientos","category-detenidos","category-institucional","category-noticias","category-policiales","category-violencia-de-genero","tag-noticias-de-rosario","tag-rosario","tag-santa-fe"],"_links":{"self":[{"href":"https:\/\/www.rosarioalerta.com.ar\/site\/wp-json\/wp\/v2\/posts\/30142","targetHints":{"allow":["GET"]}}],"collection":[{"href":"https:\/\/www.rosarioalerta.com.ar\/site\/wp-json\/wp\/v2\/posts"}],"about":[{"href":"https:\/\/www.rosarioalerta.com.ar\/site\/wp-json\/wp\/v2\/types\/post"}],"author":[{"embeddable":true,"href":"https:\/\/www.rosarioalerta.com.ar\/site\/wp-json\/wp\/v2\/users\/2"}],"replies":[{"embeddable":true,"href":"https:\/\/www.rosarioalerta.com.ar\/site\/wp-json\/wp\/v2\/comments?post=30142"}],"version-history":[{"count":1,"href":"https:\/\/www.rosarioalerta.com.ar\/site\/wp-json\/wp\/v2\/posts\/30142\/revisions"}],"predecessor-version":[{"id":30144,"href":"https:\/\/www.rosarioalerta.com.ar\/site\/wp-json\/wp\/v2\/posts\/30142\/revisions\/30144"}],"wp:featuredmedia":[{"embeddable":true,"href":"https:\/\/www.rosarioalerta.com.ar\/site\/wp-json\/wp\/v2\/media\/30143"}],"wp:attachment":[{"href":"https:\/\/www.rosarioalerta.com.ar\/site\/wp-json\/wp\/v2\/media?parent=30142"}],"wp:term":[{"taxonomy":"category","embeddable":true,"href":"https:\/\/www.rosarioalerta.com.ar\/site\/wp-json\/wp\/v2\/categories?post=30142"},{"taxonomy":"post_tag","embeddable":true,"href":"https:\/\/www.rosarioalerta.com.ar\/site\/wp-json\/wp\/v2\/tags?post=30142"}],"curies":[{"name":"wp","href":"https:\/\/api.w.org\/{rel}","templated":true}]}}