{"id":30127,"date":"2026-01-06T08:17:07","date_gmt":"2026-01-06T11:17:07","guid":{"rendered":"https:\/\/www.rosarioalerta.com.ar\/site\/?p=30127"},"modified":"2026-01-06T08:17:12","modified_gmt":"2026-01-06T11:17:12","slug":"balearon-a-un-joven-en-el-craneo","status":"publish","type":"post","link":"https:\/\/www.rosarioalerta.com.ar\/site\/archivos\/30127","title":{"rendered":"Balearon a un joven en el cr\u00e1neo"},"content":{"rendered":"\n<p>Fue anoche en la vecina localidad de Villa Gobernador G\u00e1lvez<\/p>\n\n\n\n<p>Un hombre de 28 a\u00f1os, result\u00f3 herido de arma de fuego este lunes por la noche en <strong>Villa Gobernador G\u00e1lvez<\/strong>, tras un ataque ocurrido alrededor de las 21, en <strong>Pasaje 5 al 2200<\/strong>. La v\u00edctima fue asistida por personal policial y sanitario y trasladada de urgencia a distintos centros de salud. El hecho es investigado por la Polic\u00eda, que busca identificar a los autores y establecer las circunstancias del ataque.<\/p>\n\n\n\n<p>El episodio se conoci\u00f3 a partir de un llamado a la <strong>Central de Emergencias del 911<\/strong>, en el que vecinos alertaron sobre detonaciones de arma de fuego. Al arribar al lugar, hallaron a un hombre con una herida de bala en la cabeza. De inmediato, dispusieron el auxilio y traslado del herido al <strong>Hospital Anselmo Gamen<\/strong>, donde ingres\u00f3 con una lesi\u00f3n de gravedad en la regi\u00f3n craneal.<\/p>\n\n\n\n<p>Mientras una unidad permaneci\u00f3 resguardando la escena del hecho, otra qued\u00f3 apostada en el hospital a la espera de informaci\u00f3n oficial sobre el estado de salud de la v\u00edctima. Seg\u00fan testimonios recabados en el lugar, los presuntos atacantes se desplazaban en una bicicleta tipo playera y se dieron a la fuga por calle <strong>Soldado Aguirre<\/strong>, en direcci\u00f3n a la <strong>Ruta S22<\/strong>. Estos datos forman parte de la investigaci\u00f3n en curso.<\/p>\n\n\n\n<p>Desde el <strong>Gamen<\/strong> informaron que el paciente presentaba una herida de arma de fuego en el cr\u00e1neo, con orificio de entrada supraxilar izquierdo y salida preauricular. Tras ser estabilizado, se solicit\u00f3 su derivaci\u00f3n urgente al <strong>Hospital de Emergencias Clemente \u00c1lvarez<\/strong> (HECA).<\/p>\n\n\n\n<p>Ingres\u00f3 al <strong>HECA<\/strong> con un diagn\u00f3stico inicial que indica estado reservado, quedando el paciente bajo estudios m\u00e9dicos.<\/p>\n\n\n\n<p>Hasta el momento no se informaron detenciones ni se confirm\u00f3 el m\u00f3vil del ataque. La investigaci\u00f3n contin\u00faa a cargo de las fuerzas policiales, con intervenci\u00f3n de las autoridades judiciales correspondientes.<\/p>\n\n\n\n<p>Mientras tanto en Rosario; en <strong>Pje. 507 al 1700<\/strong>, atentaron contra una casa y la polic\u00eda recogi\u00f3 m\u00e1s de una docena de vainas servidas.<\/p>\n\n\n\n<p>Tambi\u00e9n en la zona sur, se registr\u00f3 otro hecho de abuso de armas, sobre dos viviendas en <strong>Pte. Quintana al 200 bis<\/strong>, del cual tambi\u00e9n recogieron material bal\u00edstico de la escena<\/p>\n\n\n\n<p>De ambos hechos que tuvieron lugar en Rosario no se registraron heridos, solo da\u00f1os materiales<\/p>\n<div class=\"newspaper-x-tags\"><strong>TAGS: <\/strong><span><a href=\"https:\/\/www.rosarioalerta.com.ar\/site\/archivos\/tag\/noticias-de-rosario\" rel=\"tag\">Noticias de Rosario<\/a><\/span><a href=\"https:\/\/www.rosarioalerta.com.ar\/site\/archivos\/tag\/rosario\" rel=\"tag\">Rosario<\/a><\/span><a href=\"https:\/\/www.rosarioalerta.com.ar\/site\/archivos\/tag\/santa-fe\" rel=\"tag\">Santa Fe<\/a> <\/div>","protected":false},"excerpt":{"rendered":"<p>Fue anoche en la vecina localidad de Villa Gobernador G\u00e1lvez Un hombre de 28 a\u00f1os, result\u00f3 herido de arma de fuego este lunes por la noche en Villa Gobernador G\u00e1lvez, tras un ataque ocurrido alrededor de las 21, en Pasaje 5 al 2200. La v\u00edctima fue asistida por personal policial y sanitario y trasladada de [&hellip;]<\/p>\n","protected":false},"author":2,"featured_media":30128,"comment_status":"open","ping_status":"open","sticky":false,"template":"","format":"standard","meta":{"_joinchat":[],"footnotes":""},"categories":[15,17,21,14],"tags":[95,55,65],"class_list":["post-30127","post","type-post","status-publish","format-standard","has-post-thumbnail","hentry","category-balaceras","category-heridos","category-noticias","category-policiales","tag-noticias-de-rosario","tag-rosario","tag-santa-fe"],"_links":{"self":[{"href":"https:\/\/www.rosarioalerta.com.ar\/site\/wp-json\/wp\/v2\/posts\/30127","targetHints":{"allow":["GET"]}}],"collection":[{"href":"https:\/\/www.rosarioalerta.com.ar\/site\/wp-json\/wp\/v2\/posts"}],"about":[{"href":"https:\/\/www.rosarioalerta.com.ar\/site\/wp-json\/wp\/v2\/types\/post"}],"author":[{"embeddable":true,"href":"https:\/\/www.rosarioalerta.com.ar\/site\/wp-json\/wp\/v2\/users\/2"}],"replies":[{"embeddable":true,"href":"https:\/\/www.rosarioalerta.com.ar\/site\/wp-json\/wp\/v2\/comments?post=30127"}],"version-history":[{"count":1,"href":"https:\/\/www.rosarioalerta.com.ar\/site\/wp-json\/wp\/v2\/posts\/30127\/revisions"}],"predecessor-version":[{"id":30129,"href":"https:\/\/www.rosarioalerta.com.ar\/site\/wp-json\/wp\/v2\/posts\/30127\/revisions\/30129"}],"wp:featuredmedia":[{"embeddable":true,"href":"https:\/\/www.rosarioalerta.com.ar\/site\/wp-json\/wp\/v2\/media\/30128"}],"wp:attachment":[{"href":"https:\/\/www.rosarioalerta.com.ar\/site\/wp-json\/wp\/v2\/media?parent=30127"}],"wp:term":[{"taxonomy":"category","embeddable":true,"href":"https:\/\/www.rosarioalerta.com.ar\/site\/wp-json\/wp\/v2\/categories?post=30127"},{"taxonomy":"post_tag","embeddable":true,"href":"https:\/\/www.rosarioalerta.com.ar\/site\/wp-json\/wp\/v2\/tags?post=30127"}],"curies":[{"name":"wp","href":"https:\/\/api.w.org\/{rel}","templated":true}]}}