{"id":30108,"date":"2026-01-05T08:19:19","date_gmt":"2026-01-05T11:19:19","guid":{"rendered":"https:\/\/www.rosarioalerta.com.ar\/site\/?p=30108"},"modified":"2026-01-05T08:19:20","modified_gmt":"2026-01-05T11:19:20","slug":"ataques-armados-y-balaceras","status":"publish","type":"post","link":"https:\/\/www.rosarioalerta.com.ar\/site\/archivos\/30108","title":{"rendered":"Ataques armados y balaceras"},"content":{"rendered":"\n<p>Al menos siete heridos en distintos barrios de Rosario<\/p>\n\n\n\n<p>Los episodios ocurrieron en las \u00faltimas 24 horas e incluyeron apu\u00f1alamientos, disparos de arma de fuego y una denuncia por extorsi\u00f3n.<\/p>\n\n\n\n<p>Al menos siete personas resultaron heridas este fin de semana en distintos puntos de Rosario como consecuencia de ataques armados registrados entre el s\u00e1bado y el domingo. Los hechos ocurrieron en barrios del sur, oeste y noroeste de la ciudad e incluyeron apu\u00f1alamientos, disparos y una balacera con presunto trasfondo extorsivo. Las v\u00edctimas fueron asistidas en hospitales p\u00fablicos y los casos son investigados por el Ministerio P\u00fablico de la Acusaci\u00f3n.<\/p>\n\n\n\n<p>En <strong>Abor\u00edgenes Argentinos al 5900<\/strong>, dos hombres de 24 y 33 a\u00f1os fueron atacados con un arma blanca. Ambos sufrieron heridas en el abdomen y fueron trasladados al <strong>Hospital de Emergencias Clemente \u00c1lvarez<\/strong>, donde recibieron atenci\u00f3n m\u00e9dica.<\/p>\n\n\n\n<p>Otro episodio se registr\u00f3 en <strong>Rueda y Lima<\/strong>, donde un hombre de 48 a\u00f1os y otro de 24 resultaron heridos tras una agresi\u00f3n con cuchillo. Las circunstancias del ataque a\u00fan no fueron esclarecidas.<\/p>\n\n\n\n<p>Adem\u00e1s, un adolescente de 14 a\u00f1os sufri\u00f3 una herida cortante en la pierna izquierda en <strong>Casilda al 2300<\/strong>. Seg\u00fan su testimonio, fue lesionado al resistirse al robo de sus pertenencias. En tanto, un hombre de 34 a\u00f1os ingres\u00f3 con un puntazo en la espalda tras un hecho ocurrido en <strong>Olavarr\u00eda al 1500 bis.<\/strong><\/p>\n\n\n\n<p>En <strong>Virasoro y Avellaneda<\/strong>, un hombre de 33 a\u00f1os fue atacado por la espalda. Presentaba un disparo en el pie izquierdo y un traumatismo de cr\u00e1neo, por lo que fue asistido en el <strong>Hospital Carrasco<\/strong>.<\/p>\n\n\n\n<p>Por otra parte, se investiga una balacera extorsiva en <strong>Saavedra al 5300<\/strong>. La propietaria de la vivienda denunci\u00f3 que recibi\u00f3 disparos contra su casa y afirm\u00f3 que es v\u00edctima de intimidaciones para exigirle dinero.<\/p>\n\n\n\n<p>Desde fuentes policiales confirmaron que todos los hechos son materia de investigaci\u00f3n y que se recolectaron testimonios y pericias en cada escena. El MPA interviene para determinar responsabilidades y posibles v\u00ednculos entre los episodios.<\/p>\n\n\n\n<p>Las v\u00edctimas permanecen fuera de peligro, seg\u00fan los partes m\u00e9dicos oficiales. Hasta el momento no se informaron detenciones y las actuaciones contin\u00faan en curso.<\/p>\n<div class=\"newspaper-x-tags\"><strong>TAGS: <\/strong><span><a href=\"https:\/\/www.rosarioalerta.com.ar\/site\/archivos\/tag\/noticias-de-rosario\" rel=\"tag\">Noticias de Rosario<\/a><\/span><a href=\"https:\/\/www.rosarioalerta.com.ar\/site\/archivos\/tag\/rosario\" rel=\"tag\">Rosario<\/a><\/span><a href=\"https:\/\/www.rosarioalerta.com.ar\/site\/archivos\/tag\/santa-fe\" rel=\"tag\">Santa Fe<\/a> <\/div>","protected":false},"excerpt":{"rendered":"<p>Al menos siete heridos en distintos barrios de Rosario Los episodios ocurrieron en las \u00faltimas 24 horas e incluyeron apu\u00f1alamientos, disparos de arma de fuego y una denuncia por extorsi\u00f3n. Al menos siete personas resultaron heridas este fin de semana en distintos puntos de Rosario como consecuencia de ataques armados registrados entre el s\u00e1bado y [&hellip;]<\/p>\n","protected":false},"author":2,"featured_media":30109,"comment_status":"open","ping_status":"open","sticky":false,"template":"","format":"standard","meta":{"_joinchat":[],"footnotes":""},"categories":[17,21,14],"tags":[95,55,65],"class_list":["post-30108","post","type-post","status-publish","format-standard","has-post-thumbnail","hentry","category-heridos","category-noticias","category-policiales","tag-noticias-de-rosario","tag-rosario","tag-santa-fe"],"_links":{"self":[{"href":"https:\/\/www.rosarioalerta.com.ar\/site\/wp-json\/wp\/v2\/posts\/30108","targetHints":{"allow":["GET"]}}],"collection":[{"href":"https:\/\/www.rosarioalerta.com.ar\/site\/wp-json\/wp\/v2\/posts"}],"about":[{"href":"https:\/\/www.rosarioalerta.com.ar\/site\/wp-json\/wp\/v2\/types\/post"}],"author":[{"embeddable":true,"href":"https:\/\/www.rosarioalerta.com.ar\/site\/wp-json\/wp\/v2\/users\/2"}],"replies":[{"embeddable":true,"href":"https:\/\/www.rosarioalerta.com.ar\/site\/wp-json\/wp\/v2\/comments?post=30108"}],"version-history":[{"count":1,"href":"https:\/\/www.rosarioalerta.com.ar\/site\/wp-json\/wp\/v2\/posts\/30108\/revisions"}],"predecessor-version":[{"id":30110,"href":"https:\/\/www.rosarioalerta.com.ar\/site\/wp-json\/wp\/v2\/posts\/30108\/revisions\/30110"}],"wp:featuredmedia":[{"embeddable":true,"href":"https:\/\/www.rosarioalerta.com.ar\/site\/wp-json\/wp\/v2\/media\/30109"}],"wp:attachment":[{"href":"https:\/\/www.rosarioalerta.com.ar\/site\/wp-json\/wp\/v2\/media?parent=30108"}],"wp:term":[{"taxonomy":"category","embeddable":true,"href":"https:\/\/www.rosarioalerta.com.ar\/site\/wp-json\/wp\/v2\/categories?post=30108"},{"taxonomy":"post_tag","embeddable":true,"href":"https:\/\/www.rosarioalerta.com.ar\/site\/wp-json\/wp\/v2\/tags?post=30108"}],"curies":[{"name":"wp","href":"https:\/\/api.w.org\/{rel}","templated":true}]}}