{"id":30105,"date":"2026-01-05T07:58:39","date_gmt":"2026-01-05T10:58:39","guid":{"rendered":"https:\/\/www.rosarioalerta.com.ar\/site\/?p=30105"},"modified":"2026-01-05T07:58:52","modified_gmt":"2026-01-05T10:58:52","slug":"detienen-a-un-joven-por-el-crimen-de-yandel-ramirez","status":"publish","type":"post","link":"https:\/\/www.rosarioalerta.com.ar\/site\/archivos\/30105","title":{"rendered":"Detienen a un joven por el crimen de Yandel Ram\u00edrez"},"content":{"rendered":"\n<p>El procedimiento fue realizado por personal policial que patrullaba en la nocturnidad<\/p>\n\n\n\n<p>Un joven de 18 a\u00f1os con pedido de captura activo fue detenido, minutos antes de la medianoche, en la intersecci\u00f3n de <strong>Risso y Guti\u00e9rrez<\/strong>, durante un control preventivo realizado por personal del <strong>Comando Radioel\u00e9ctrico<\/strong>. La aprehensi\u00f3n se concret\u00f3 tras confirmar, a trav\u00e9s de la Central de Emergencias del 911, que era requerido por el Ministerio P\u00fablico de la Acusaci\u00f3n (MPA) en una causa por homicidio doloso. El procedimiento se realiz\u00f3 luego de su identificaci\u00f3n en la v\u00eda p\u00fablica.<\/p>\n\n\n\n<p>El hecho se inici\u00f3 mientras efectivos realizaban un recorrido preventivo por calle <strong>J. M. Guti\u00e9rrez<\/strong>. En ese contexto, observaron a un hombre que aceler\u00f3 su marcha al advertir la presencia policial. Ante esa actitud, el personal procedi\u00f3 a interceptarlo para su identificaci\u00f3n. Durante la requisa no hallaron elementos de peligrosidad. El joven manifest\u00f3 llamarse <strong>Kevin C<\/strong>. y no opuso resistencia al control, seg\u00fan informaron fuentes policiales. Tras constatar sus datos filiatorios, confirmaron que se trataba del joven que era buscado por la justicia en una causa vinculada por un homicidio doloso ocurrido el 31 de diciembre pasado. La investigaci\u00f3n refiere al fallecimiento de <strong>Yandel Valentino Ram\u00edrez<\/strong>, de 16 a\u00f1os, en un hecho registrado en la zona de <strong>Biedma y Esmeralda<\/strong>.<\/p>\n\n\n\n<p>En el marco del procedimiento, los agentes secuestraron un celular y una gorra, los cuales quedaron a disposici\u00f3n de la Justicia para las actuaciones correspondientes.<\/p>\n\n\n\n<p><strong>Kevin C<\/strong>. permanece detenido y a disposici\u00f3n del Ministerio P\u00fablico de la Acusaci\u00f3n, que deber\u00e1 resolver su situaci\u00f3n procesal en el marco de la causa en curso.<\/p>\n<div class=\"newspaper-x-tags\"><strong>TAGS: <\/strong><span><a href=\"https:\/\/www.rosarioalerta.com.ar\/site\/archivos\/tag\/noticias-de-rosario\" rel=\"tag\">Noticias de Rosario<\/a><\/span><a href=\"https:\/\/www.rosarioalerta.com.ar\/site\/archivos\/tag\/rosario\" rel=\"tag\">Rosario<\/a><\/span><a href=\"https:\/\/www.rosarioalerta.com.ar\/site\/archivos\/tag\/santa-fe\" rel=\"tag\">Santa Fe<\/a> <\/div>","protected":false},"excerpt":{"rendered":"<p>El procedimiento fue realizado por personal policial que patrullaba en la nocturnidad Un joven de 18 a\u00f1os con pedido de captura activo fue detenido, minutos antes de la medianoche, en la intersecci\u00f3n de Risso y Guti\u00e9rrez, durante un control preventivo realizado por personal del Comando Radioel\u00e9ctrico. La aprehensi\u00f3n se concret\u00f3 tras confirmar, a trav\u00e9s de [&hellip;]<\/p>\n","protected":false},"author":2,"featured_media":30106,"comment_status":"open","ping_status":"open","sticky":false,"template":"","format":"standard","meta":{"_joinchat":[],"footnotes":""},"categories":[11,21,14],"tags":[95,55,65],"class_list":["post-30105","post","type-post","status-publish","format-standard","has-post-thumbnail","hentry","category-detenidos","category-noticias","category-policiales","tag-noticias-de-rosario","tag-rosario","tag-santa-fe"],"_links":{"self":[{"href":"https:\/\/www.rosarioalerta.com.ar\/site\/wp-json\/wp\/v2\/posts\/30105","targetHints":{"allow":["GET"]}}],"collection":[{"href":"https:\/\/www.rosarioalerta.com.ar\/site\/wp-json\/wp\/v2\/posts"}],"about":[{"href":"https:\/\/www.rosarioalerta.com.ar\/site\/wp-json\/wp\/v2\/types\/post"}],"author":[{"embeddable":true,"href":"https:\/\/www.rosarioalerta.com.ar\/site\/wp-json\/wp\/v2\/users\/2"}],"replies":[{"embeddable":true,"href":"https:\/\/www.rosarioalerta.com.ar\/site\/wp-json\/wp\/v2\/comments?post=30105"}],"version-history":[{"count":1,"href":"https:\/\/www.rosarioalerta.com.ar\/site\/wp-json\/wp\/v2\/posts\/30105\/revisions"}],"predecessor-version":[{"id":30107,"href":"https:\/\/www.rosarioalerta.com.ar\/site\/wp-json\/wp\/v2\/posts\/30105\/revisions\/30107"}],"wp:featuredmedia":[{"embeddable":true,"href":"https:\/\/www.rosarioalerta.com.ar\/site\/wp-json\/wp\/v2\/media\/30106"}],"wp:attachment":[{"href":"https:\/\/www.rosarioalerta.com.ar\/site\/wp-json\/wp\/v2\/media?parent=30105"}],"wp:term":[{"taxonomy":"category","embeddable":true,"href":"https:\/\/www.rosarioalerta.com.ar\/site\/wp-json\/wp\/v2\/categories?post=30105"},{"taxonomy":"post_tag","embeddable":true,"href":"https:\/\/www.rosarioalerta.com.ar\/site\/wp-json\/wp\/v2\/tags?post=30105"}],"curies":[{"name":"wp","href":"https:\/\/api.w.org\/{rel}","templated":true}]}}