{"id":30100,"date":"2026-01-04T23:57:16","date_gmt":"2026-01-05T02:57:16","guid":{"rendered":"https:\/\/www.rosarioalerta.com.ar\/site\/?p=30100"},"modified":"2026-01-04T23:57:21","modified_gmt":"2026-01-05T02:57:21","slug":"asesinaron-a-un-automovilista-en-zona-oeste","status":"publish","type":"post","link":"https:\/\/www.rosarioalerta.com.ar\/site\/archivos\/30100","title":{"rendered":"Asesinaron a un automovilista en zona oeste"},"content":{"rendered":"\n<p>Un hombre fue asesinado tras un ataque armado desde una motocicleta<\/p>\n\n\n\n<p>Pasadas las 19 de este domingo, un homicidio tuvo lugar en <strong>Campbell al 2800,<\/strong> cuando personas no identificadas que se desplazaban en una motocicleta, dispararon contra un hombre que circulaba en un veh\u00edculo. La v\u00edctima recibi\u00f3 m\u00faltiples impactos de arma de fuego en la cabeza y falleci\u00f3 en el lugar. El <strong>SIES<\/strong> confirm\u00f3 el deceso y la polic\u00eda, investiga el m\u00f3vil del crimen y no hay detenidos.<\/p>\n\n\n\n<p>Seg\u00fan fuentes policiales, un llamado alert\u00f3 sobre detonaciones de arma de fuego en la zona. Al arribar, los efectivos encontraron a la v\u00edctima dentro del autom\u00f3vil, con heridas de arma de fuego en la regi\u00f3n craneal. En la calzada se levantaron <strong>seis vainas servidas<\/strong>, lo que indica una r\u00e1faga corta y dirigida.<\/p>\n\n\n\n<p>El ataque fue r\u00e1pido y preciso, y los agresores se dieron a la fuga inmediatamente despu\u00e9s de disparar. No se registraron heridos colaterales.<\/p>\n\n\n\n<p>La escena fue preservada para las pericias. Personal de la <strong>PDI<\/strong> realiz\u00f3 el relevamiento bal\u00edstico, tom\u00f3 registros fotogr\u00e1ficos y recab\u00f3 testimonios de vecinos y transe\u00fantes. Adem\u00e1s analizan c\u00e1maras de seguridad del sector para reconstruir la trayectoria de la motocicleta y el recorrido previo de la v\u00edctima.<\/p>\n\n\n\n<p>La causa qued\u00f3 en manos de la Fiscal Marisol Fabbro, qui\u00e9n orden\u00f3 las medidas de rigor.<\/p>\n\n\n\n<p>La identidad de la v\u00edctima no fue difundida oficialmente. La causa contin\u00faa en etapa investigativa, con peritajes en curso y an\u00e1lisis de im\u00e1genes.<\/p>\n<div class=\"newspaper-x-tags\"><strong>TAGS: <\/strong><span><a href=\"https:\/\/www.rosarioalerta.com.ar\/site\/archivos\/tag\/noticias-de-rosario\" rel=\"tag\">Noticias de Rosario<\/a><\/span><a href=\"https:\/\/www.rosarioalerta.com.ar\/site\/archivos\/tag\/rosario\" rel=\"tag\">Rosario<\/a><\/span><a href=\"https:\/\/www.rosarioalerta.com.ar\/site\/archivos\/tag\/santa-fe\" rel=\"tag\">Santa Fe<\/a> <\/div>","protected":false},"excerpt":{"rendered":"<p>Un hombre fue asesinado tras un ataque armado desde una motocicleta Pasadas las 19 de este domingo, un homicidio tuvo lugar en Campbell al 2800, cuando personas no identificadas que se desplazaban en una motocicleta, dispararon contra un hombre que circulaba en un veh\u00edculo. La v\u00edctima recibi\u00f3 m\u00faltiples impactos de arma de fuego en la [&hellip;]<\/p>\n","protected":false},"author":2,"featured_media":30101,"comment_status":"open","ping_status":"open","sticky":false,"template":"","format":"standard","meta":{"_joinchat":[],"footnotes":""},"categories":[15,17,6,21,14],"tags":[95,55,65],"class_list":["post-30100","post","type-post","status-publish","format-standard","has-post-thumbnail","hentry","category-balaceras","category-heridos","category-homicidios","category-noticias","category-policiales","tag-noticias-de-rosario","tag-rosario","tag-santa-fe"],"_links":{"self":[{"href":"https:\/\/www.rosarioalerta.com.ar\/site\/wp-json\/wp\/v2\/posts\/30100","targetHints":{"allow":["GET"]}}],"collection":[{"href":"https:\/\/www.rosarioalerta.com.ar\/site\/wp-json\/wp\/v2\/posts"}],"about":[{"href":"https:\/\/www.rosarioalerta.com.ar\/site\/wp-json\/wp\/v2\/types\/post"}],"author":[{"embeddable":true,"href":"https:\/\/www.rosarioalerta.com.ar\/site\/wp-json\/wp\/v2\/users\/2"}],"replies":[{"embeddable":true,"href":"https:\/\/www.rosarioalerta.com.ar\/site\/wp-json\/wp\/v2\/comments?post=30100"}],"version-history":[{"count":1,"href":"https:\/\/www.rosarioalerta.com.ar\/site\/wp-json\/wp\/v2\/posts\/30100\/revisions"}],"predecessor-version":[{"id":30102,"href":"https:\/\/www.rosarioalerta.com.ar\/site\/wp-json\/wp\/v2\/posts\/30100\/revisions\/30102"}],"wp:featuredmedia":[{"embeddable":true,"href":"https:\/\/www.rosarioalerta.com.ar\/site\/wp-json\/wp\/v2\/media\/30101"}],"wp:attachment":[{"href":"https:\/\/www.rosarioalerta.com.ar\/site\/wp-json\/wp\/v2\/media?parent=30100"}],"wp:term":[{"taxonomy":"category","embeddable":true,"href":"https:\/\/www.rosarioalerta.com.ar\/site\/wp-json\/wp\/v2\/categories?post=30100"},{"taxonomy":"post_tag","embeddable":true,"href":"https:\/\/www.rosarioalerta.com.ar\/site\/wp-json\/wp\/v2\/tags?post=30100"}],"curies":[{"name":"wp","href":"https:\/\/api.w.org\/{rel}","templated":true}]}}