{"id":30095,"date":"2026-01-04T17:57:32","date_gmt":"2026-01-04T20:57:32","guid":{"rendered":"https:\/\/www.rosarioalerta.com.ar\/site\/?p=30095"},"modified":"2026-01-04T17:57:33","modified_gmt":"2026-01-04T20:57:33","slug":"inversion-historica-en-bomberos-zapadores","status":"publish","type":"post","link":"https:\/\/www.rosarioalerta.com.ar\/site\/archivos\/30095","title":{"rendered":"Inversi\u00f3n hist\u00f3rica en Bomberos Zapadores"},"content":{"rendered":"\n<p>Fue tras celebrarse los 122 a\u00f1os de su creaci\u00f3n<\/p>\n\n\n\n<p>En un nuevo aniversario de la fuerza, autoridades provinciales destacaron una inversi\u00f3n superior a los <strong>400 mil d\u00f3lares<\/strong> destinada a mejorar la respuesta ante emergencias y reforzar la seguridad del personal.<\/p>\n\n\n\n<p>En el <strong>122\u00b0 aniversario<\/strong> de los <strong>Bomberos Zapadores<\/strong> de Rosario, el Gobierno de Santa Fe resalt\u00f3 una inversi\u00f3n hist\u00f3rica en equipamiento realizada entre 2024 y 2025 para fortalecer la capacidad operativa de la agrupaci\u00f3n. El acto se desarroll\u00f3 en Rosario y cont\u00f3 con la presencia de autoridades provinciales, quienes subrayaron la importancia de dotar a la fuerza de recursos modernos para intervenir en incendios y emergencias, y proteger la integridad de los efectivos.<\/p>\n\n\n\n<p>La incorporaci\u00f3n de equipamiento se llev\u00f3 adelante a trav\u00e9s del Ministerio de Justicia y Seguridad de Santa Fe. Seg\u00fan se inform\u00f3 oficialmente, el monto total supera los <strong>400.000 d\u00f3lares<\/strong> y est\u00e1 orientado a optimizar la respuesta ante distintos escenarios, desde incendios estructurales hasta focos forestales, con est\u00e1ndares de seguridad acordes a la complejidad de las intervenciones.<\/p>\n\n\n\n<p>Durante 2024, mediante licitaciones aceleradas, se destinaron cerca de 185.000 d\u00f3lares para la compra de m\u00e1scaras antiflamas, botas y guantes especializados. En 2025, la inversi\u00f3n alcanz\u00f3 los 229.793 d\u00f3lares e incluy\u00f3 bombas port\u00e1tiles de alta presi\u00f3n para incendios forestales, motosierras, sopladoras, mangueras, lanzas de incendio y herramientas manuales de alta resistencia.<\/p>\n\n\n\n<p>El ministro de Justicia y Seguridad, <strong>Pablo Cococcioni<\/strong>, destac\u00f3 que la pol\u00edtica de inversi\u00f3n no se limita a infraestructura policial o carcelaria. \u201cAspiramos a contar con <strong>Bomberos Zapadores<\/strong> preparados de la mejor manera, con los recursos necesarios para resguardar la integridad de los rosarinos\u201d, se\u00f1al\u00f3.<\/p>\n\n\n\n<p>En la misma l\u00ednea, el secretario de Seguridad P\u00fablica, Omar Pereira, puso en valor la vocaci\u00f3n de servicio del personal. Remarc\u00f3 que la agrupaci\u00f3n rosarina es reconocida a nivel nacional y convocada para intervenir en distintos puntos del pa\u00eds cuando la situaci\u00f3n lo requiere.<\/p>\n\n\n\n<p>La Agrupaci\u00f3n <strong>Bomberos Zapadores<\/strong> de Rosario forma parte de la Polic\u00eda de Santa Fe y cuenta con m\u00e1s de un siglo de trayectoria. Seg\u00fan datos oficiales, registra un promedio anual de 3.000 intervenciones, muchas de ellas de alto riesgo y baja visibilidad p\u00fablica.<\/p>\n\n\n\n<p>Desde el gobierno provincial indicaron que el plan de fortalecimiento continuar\u00e1, con el objetivo de sostener una fuerza profesional, equipada y acorde a las demandas actuales de la seguridad p\u00fablica.<\/p>\n<div class=\"newspaper-x-tags\"><strong>TAGS: <\/strong><span><a href=\"https:\/\/www.rosarioalerta.com.ar\/site\/archivos\/tag\/bomberos\" rel=\"tag\">bomberos<\/a><\/span><a href=\"https:\/\/www.rosarioalerta.com.ar\/site\/archivos\/tag\/bomberos-zapadores\" rel=\"tag\">Bomberos Zapadores<\/a><\/span><a href=\"https:\/\/www.rosarioalerta.com.ar\/site\/archivos\/tag\/noticias-de-rosario\" rel=\"tag\">Noticias de Rosario<\/a><\/span><a href=\"https:\/\/www.rosarioalerta.com.ar\/site\/archivos\/tag\/rosario\" rel=\"tag\">Rosario<\/a><\/span><a href=\"https:\/\/www.rosarioalerta.com.ar\/site\/archivos\/tag\/santa-fe\" rel=\"tag\">Santa Fe<\/a> <\/div>","protected":false},"excerpt":{"rendered":"<p>Fue tras celebrarse los 122 a\u00f1os de su creaci\u00f3n En un nuevo aniversario de la fuerza, autoridades provinciales destacaron una inversi\u00f3n superior a los 400 mil d\u00f3lares destinada a mejorar la respuesta ante emergencias y reforzar la seguridad del personal. En el 122\u00b0 aniversario de los Bomberos Zapadores de Rosario, el Gobierno de Santa Fe [&hellip;]<\/p>\n","protected":false},"author":2,"featured_media":30096,"comment_status":"open","ping_status":"open","sticky":false,"template":"","format":"standard","meta":{"_joinchat":[],"footnotes":""},"categories":[18,21],"tags":[39,829,95,55,65],"class_list":["post-30095","post","type-post","status-publish","format-standard","has-post-thumbnail","hentry","category-institucional","category-noticias","tag-bomberos","tag-bomberos-zapadores","tag-noticias-de-rosario","tag-rosario","tag-santa-fe"],"_links":{"self":[{"href":"https:\/\/www.rosarioalerta.com.ar\/site\/wp-json\/wp\/v2\/posts\/30095","targetHints":{"allow":["GET"]}}],"collection":[{"href":"https:\/\/www.rosarioalerta.com.ar\/site\/wp-json\/wp\/v2\/posts"}],"about":[{"href":"https:\/\/www.rosarioalerta.com.ar\/site\/wp-json\/wp\/v2\/types\/post"}],"author":[{"embeddable":true,"href":"https:\/\/www.rosarioalerta.com.ar\/site\/wp-json\/wp\/v2\/users\/2"}],"replies":[{"embeddable":true,"href":"https:\/\/www.rosarioalerta.com.ar\/site\/wp-json\/wp\/v2\/comments?post=30095"}],"version-history":[{"count":1,"href":"https:\/\/www.rosarioalerta.com.ar\/site\/wp-json\/wp\/v2\/posts\/30095\/revisions"}],"predecessor-version":[{"id":30097,"href":"https:\/\/www.rosarioalerta.com.ar\/site\/wp-json\/wp\/v2\/posts\/30095\/revisions\/30097"}],"wp:featuredmedia":[{"embeddable":true,"href":"https:\/\/www.rosarioalerta.com.ar\/site\/wp-json\/wp\/v2\/media\/30096"}],"wp:attachment":[{"href":"https:\/\/www.rosarioalerta.com.ar\/site\/wp-json\/wp\/v2\/media?parent=30095"}],"wp:term":[{"taxonomy":"category","embeddable":true,"href":"https:\/\/www.rosarioalerta.com.ar\/site\/wp-json\/wp\/v2\/categories?post=30095"},{"taxonomy":"post_tag","embeddable":true,"href":"https:\/\/www.rosarioalerta.com.ar\/site\/wp-json\/wp\/v2\/tags?post=30095"}],"curies":[{"name":"wp","href":"https:\/\/api.w.org\/{rel}","templated":true}]}}