{"id":30089,"date":"2026-01-03T12:10:53","date_gmt":"2026-01-03T15:10:53","guid":{"rendered":"https:\/\/www.rosarioalerta.com.ar\/site\/?p=30089"},"modified":"2026-01-03T12:11:02","modified_gmt":"2026-01-03T15:11:02","slug":"detienen-a-un-joven-por-el-ataque-a-una-nina-de-7-anos","status":"publish","type":"post","link":"https:\/\/www.rosarioalerta.com.ar\/site\/archivos\/30089","title":{"rendered":"Detienen a un joven por el ataque a una ni\u00f1a de 7 a\u00f1os"},"content":{"rendered":"\n<p>El procedimiento se realiz\u00f3 tras un allanamiento en la zona norte de la ciudad<\/p>\n\n\n\n<p>La <strong>Polic\u00eda de Investigaciones<\/strong> (PDI) detuvo este s\u00e1bado a un joven de 20 a\u00f1os en el marco de una tentativa de homicidio en Rosario. El operativo se concret\u00f3 en una vivienda de <strong>Cullen al 1300<\/strong>, como parte de una causa por un ataque con arma de fuego ocurrido d\u00edas atr\u00e1s, contra integrantes del <strong>Clan Toloza<\/strong>, en <strong>G\u00e9nova y Cabal<\/strong>, donde result\u00f3 herida una ni\u00f1a de 7 a\u00f1os. La aprehensi\u00f3n fue ordenada por la Fiscal\u00eda y ejecutada mediante allanamiento.<\/p>\n\n\n\n<p>El operativo se llev\u00f3 adelante en horas de la ma\u00f1ana, tras una serie de medidas judiciales dispuestas luego del ataque. Personal de la PDI ingres\u00f3 al domicilio se\u00f1alado y aprehendi\u00f3 al sujeto de 20 a\u00f1os, quien fue trasladado a sede policial para continuar con las actuaciones de rigor.<\/p>\n\n\n\n<p>La causa se origin\u00f3 a partir de un hecho violento registrado en la zona norte de Rosario, donde una menor result\u00f3 lesionada por disparos de arma de fuego. A partir de ese episodio, la autoridad judicial orden\u00f3 diligencias investigativas, entre ellas relevamientos en el \u00e1rea, identificaci\u00f3n de personas y medidas de allanamiento.<\/p>\n\n\n\n<p>Como resultado de esas tareas, la Fiscal\u00eda dispuso la detenci\u00f3n del joven, a quien se le atribuye, de manera preliminar, el delito de encubrimiento en relaci\u00f3n con la tentativa de homicidio.<\/p>\n\n\n\n<p>Desde la PDI indicaron que el detenido qued\u00f3 a disposici\u00f3n de la Fiscal\u00eda interviniente y que la investigaci\u00f3n se encuentra en pleno desarrollo. Las actuaciones est\u00e1n a cargo de la Fiscal\u00eda de Violencia Altamente Lesiva del Ministerio P\u00fablico de la Acusaci\u00f3n.<\/p>\n\n\n\n<p>El hecho gener\u00f3 una fuerte preocupaci\u00f3n en el barrio por la gravedad de la v\u00edctima involucrada. Por el momento, no se informaron nuevas detenciones ni imputaciones adicionales.<\/p>\n\n\n\n<p>La Fiscal\u00eda contin\u00faa con las medidas para esclarecer lo sucedido, determinar responsabilidades penales y establecer el rol de cada una de las personas presuntamente vinculadas al ataque.<\/p>\n<div class=\"newspaper-x-tags\"><strong>TAGS: <\/strong><span><a href=\"https:\/\/www.rosarioalerta.com.ar\/site\/archivos\/tag\/noticias-de-rosario\" rel=\"tag\">Noticias de Rosario<\/a><\/span><a href=\"https:\/\/www.rosarioalerta.com.ar\/site\/archivos\/tag\/rosario\" rel=\"tag\">Rosario<\/a><\/span><a href=\"https:\/\/www.rosarioalerta.com.ar\/site\/archivos\/tag\/santa-fe\" rel=\"tag\">Santa Fe<\/a> <\/div>","protected":false},"excerpt":{"rendered":"<p>El procedimiento se realiz\u00f3 tras un allanamiento en la zona norte de la ciudad La Polic\u00eda de Investigaciones (PDI) detuvo este s\u00e1bado a un joven de 20 a\u00f1os en el marco de una tentativa de homicidio en Rosario. El operativo se concret\u00f3 en una vivienda de Cullen al 1300, como parte de una causa por [&hellip;]<\/p>\n","protected":false},"author":2,"featured_media":30090,"comment_status":"open","ping_status":"open","sticky":false,"template":"","format":"standard","meta":{"_joinchat":[],"footnotes":""},"categories":[12,11,21,14],"tags":[95,55,65],"class_list":["post-30089","post","type-post","status-publish","format-standard","has-post-thumbnail","hentry","category-allanamientos","category-detenidos","category-noticias","category-policiales","tag-noticias-de-rosario","tag-rosario","tag-santa-fe"],"_links":{"self":[{"href":"https:\/\/www.rosarioalerta.com.ar\/site\/wp-json\/wp\/v2\/posts\/30089","targetHints":{"allow":["GET"]}}],"collection":[{"href":"https:\/\/www.rosarioalerta.com.ar\/site\/wp-json\/wp\/v2\/posts"}],"about":[{"href":"https:\/\/www.rosarioalerta.com.ar\/site\/wp-json\/wp\/v2\/types\/post"}],"author":[{"embeddable":true,"href":"https:\/\/www.rosarioalerta.com.ar\/site\/wp-json\/wp\/v2\/users\/2"}],"replies":[{"embeddable":true,"href":"https:\/\/www.rosarioalerta.com.ar\/site\/wp-json\/wp\/v2\/comments?post=30089"}],"version-history":[{"count":1,"href":"https:\/\/www.rosarioalerta.com.ar\/site\/wp-json\/wp\/v2\/posts\/30089\/revisions"}],"predecessor-version":[{"id":30091,"href":"https:\/\/www.rosarioalerta.com.ar\/site\/wp-json\/wp\/v2\/posts\/30089\/revisions\/30091"}],"wp:featuredmedia":[{"embeddable":true,"href":"https:\/\/www.rosarioalerta.com.ar\/site\/wp-json\/wp\/v2\/media\/30090"}],"wp:attachment":[{"href":"https:\/\/www.rosarioalerta.com.ar\/site\/wp-json\/wp\/v2\/media?parent=30089"}],"wp:term":[{"taxonomy":"category","embeddable":true,"href":"https:\/\/www.rosarioalerta.com.ar\/site\/wp-json\/wp\/v2\/categories?post=30089"},{"taxonomy":"post_tag","embeddable":true,"href":"https:\/\/www.rosarioalerta.com.ar\/site\/wp-json\/wp\/v2\/tags?post=30089"}],"curies":[{"name":"wp","href":"https:\/\/api.w.org\/{rel}","templated":true}]}}