{"id":30077,"date":"2026-01-03T09:50:21","date_gmt":"2026-01-03T12:50:21","guid":{"rendered":"https:\/\/www.rosarioalerta.com.ar\/site\/?p=30077"},"modified":"2026-01-03T09:50:27","modified_gmt":"2026-01-03T12:50:27","slug":"desactivaron-el-punto-de-venta-numero-101","status":"publish","type":"post","link":"https:\/\/www.rosarioalerta.com.ar\/site\/archivos\/30077","title":{"rendered":"Desactivaron el punto de venta n\u00famero 101"},"content":{"rendered":"\n<p>El a\u00f1o continu\u00f3 con el derribo de un b\u00fanker de drogas<\/p>\n\n\n\n<p>El operativo se realiz\u00f3 en la zona norte de la ciudad tras una investigaci\u00f3n por narcomenudeo. Hubo allanamientos simult\u00e1neos, imputados y v\u00ednculos con una organizaci\u00f3n criminal. El Gobierno de Santa Fe derrib\u00f3 este viernes un b\u00fanker de drogas en Rosario, ubicado en <strong>Hip\u00f3lito Yrigoyen al 1300<\/strong>, en el marco de una causa por comercio de estupefacientes. La intervenci\u00f3n se concret\u00f3 tras una investigaci\u00f3n judicial que incluy\u00f3 20 allanamientos, dej\u00f3 nueve personas imputadas \u2014una de ellas detenida en la c\u00e1rcel de Pi\u00f1ero\u2014 y un pr\u00f3fugo. El procedimiento se realiz\u00f3 bajo la <strong>Ley de Microtr\u00e1fico <\/strong>y marc\u00f3 el <strong>punto de venta desactivado n\u00famero 101<\/strong> en la provincia.<\/p>\n\n\n\n<p>La inactivaci\u00f3n del inmueble fue coordinada por el Ministerio de Justicia y Seguridad junto al Ministerio P\u00fablico de la Acusaci\u00f3n (MPA), la Justicia provincial y la Polic\u00eda de Santa Fe. Seg\u00fan se inform\u00f3, el lugar no reun\u00eda condiciones de vivienda: no ten\u00eda servicios b\u00e1sicos ni instalaciones permanentes, lo que confirm\u00f3 su uso exclusivo para la venta de droga al menudeo.<\/p>\n\n\n\n<p>El operativo se desarroll\u00f3 sin incidentes y permiti\u00f3 inutilizar de forma definitiva el espacio, se\u00f1alado por vecinos y vinculado a hechos de violencia reiterados en el barrio.<\/p>\n\n\n\n<p>La fiscal Mercedes Banchio, de la Unidad de Microtr\u00e1fico del MPA, explic\u00f3 que el punto de venta fue identificado tras la detenci\u00f3n de una persona con estupefacientes fraccionados para la comercializaci\u00f3n. La causa demand\u00f3 varios meses de seguimiento y deriv\u00f3 en allanamientos simult\u00e1neos, incluso en lugares de detenci\u00f3n.<\/p>\n\n\n\n<p>La investigaci\u00f3n determin\u00f3 que se trataba de una estructura organizada y detect\u00f3 v\u00ednculos con la banda conocida como Los Menores, lo que agrav\u00f3 la calificaci\u00f3n penal.<\/p>\n\n\n\n<p>El secretario de Seguridad P\u00fablica, Omar Pereira, destac\u00f3 que cada b\u00fanker desactivado impacta de manera directa en la reducci\u00f3n de la violencia. \u201cNo se trata solo de droga, sino de los hechos violentos que estos puntos generan en su entorno\u201d, se\u00f1al\u00f3.<\/p>\n\n\n\n<p>La Ley de Microtr\u00e1fico, vigente desde fines de 2023, permite a la provincia intervenir de manera directa en causas de narcomenudeo. Desde principios de 2024, esta herramienta posibilit\u00f3 la desactivaci\u00f3n de 101 puntos de venta en Santa Fe. La causa contin\u00faa en tr\u00e1mite, con imputados bajo proceso judicial y un sospechoso pr\u00f3fugo.<\/p>\n<div class=\"newspaper-x-tags\"><strong>TAGS: <\/strong><span><a href=\"https:\/\/www.rosarioalerta.com.ar\/site\/archivos\/tag\/noticias-de-rosario\" rel=\"tag\">Noticias de Rosario<\/a><\/span><a href=\"https:\/\/www.rosarioalerta.com.ar\/site\/archivos\/tag\/rosario\" rel=\"tag\">Rosario<\/a><\/span><a href=\"https:\/\/www.rosarioalerta.com.ar\/site\/archivos\/tag\/santa-fe\" rel=\"tag\">Santa Fe<\/a> <\/div>","protected":false},"excerpt":{"rendered":"<p>El a\u00f1o continu\u00f3 con el derribo de un b\u00fanker de drogas El operativo se realiz\u00f3 en la zona norte de la ciudad tras una investigaci\u00f3n por narcomenudeo. Hubo allanamientos simult\u00e1neos, imputados y v\u00ednculos con una organizaci\u00f3n criminal. El Gobierno de Santa Fe derrib\u00f3 este viernes un b\u00fanker de drogas en Rosario, ubicado en Hip\u00f3lito Yrigoyen [&hellip;]<\/p>\n","protected":false},"author":2,"featured_media":30078,"comment_status":"open","ping_status":"open","sticky":false,"template":"","format":"standard","meta":{"_joinchat":[],"footnotes":""},"categories":[18,13,494,21],"tags":[95,55,65],"class_list":["post-30077","post","type-post","status-publish","format-standard","has-post-thumbnail","hentry","category-institucional","category-judiciales","category-microtrafico","category-noticias","tag-noticias-de-rosario","tag-rosario","tag-santa-fe"],"_links":{"self":[{"href":"https:\/\/www.rosarioalerta.com.ar\/site\/wp-json\/wp\/v2\/posts\/30077","targetHints":{"allow":["GET"]}}],"collection":[{"href":"https:\/\/www.rosarioalerta.com.ar\/site\/wp-json\/wp\/v2\/posts"}],"about":[{"href":"https:\/\/www.rosarioalerta.com.ar\/site\/wp-json\/wp\/v2\/types\/post"}],"author":[{"embeddable":true,"href":"https:\/\/www.rosarioalerta.com.ar\/site\/wp-json\/wp\/v2\/users\/2"}],"replies":[{"embeddable":true,"href":"https:\/\/www.rosarioalerta.com.ar\/site\/wp-json\/wp\/v2\/comments?post=30077"}],"version-history":[{"count":1,"href":"https:\/\/www.rosarioalerta.com.ar\/site\/wp-json\/wp\/v2\/posts\/30077\/revisions"}],"predecessor-version":[{"id":30079,"href":"https:\/\/www.rosarioalerta.com.ar\/site\/wp-json\/wp\/v2\/posts\/30077\/revisions\/30079"}],"wp:featuredmedia":[{"embeddable":true,"href":"https:\/\/www.rosarioalerta.com.ar\/site\/wp-json\/wp\/v2\/media\/30078"}],"wp:attachment":[{"href":"https:\/\/www.rosarioalerta.com.ar\/site\/wp-json\/wp\/v2\/media?parent=30077"}],"wp:term":[{"taxonomy":"category","embeddable":true,"href":"https:\/\/www.rosarioalerta.com.ar\/site\/wp-json\/wp\/v2\/categories?post=30077"},{"taxonomy":"post_tag","embeddable":true,"href":"https:\/\/www.rosarioalerta.com.ar\/site\/wp-json\/wp\/v2\/tags?post=30077"}],"curies":[{"name":"wp","href":"https:\/\/api.w.org\/{rel}","templated":true}]}}