{"id":30066,"date":"2026-01-02T07:17:44","date_gmt":"2026-01-02T10:17:44","guid":{"rendered":"https:\/\/www.rosarioalerta.com.ar\/site\/?p=30066"},"modified":"2026-01-02T07:17:45","modified_gmt":"2026-01-02T10:17:45","slug":"heridos-y-detenidos-tras-balaceras","status":"publish","type":"post","link":"https:\/\/www.rosarioalerta.com.ar\/site\/archivos\/30066","title":{"rendered":"Heridos y detenidos tras balaceras"},"content":{"rendered":"\n<p><\/p>\n\n\n\n<p>As\u00ed fue el comienzo de este 2026 en Rosario<\/p>\n\n\n\n<p>El primer d\u00eda de 2026 dej\u00f3 ataques armados, ri\u00f1as y siniestros viales en distintos puntos de la ciudad. La zona sur concentr\u00f3 el episodio m\u00e1s grave.<\/p>\n\n\n\n<p>Durante las primeras horas del primer d\u00eda del a\u00f1o, Rosario registr\u00f3 balaceras con personas heridas, adem\u00e1s de peleas y siniestros viales. El hecho m\u00e1s relevante ocurri\u00f3 en <strong>Mil\u00e1n y Balcarce<\/strong>, en la zona sur, donde dos j\u00f3venes resultaron heridos de arma de fuego tras un ataque desde un veh\u00edculo. La intervenci\u00f3n policial permiti\u00f3 detenciones y el inicio de actuaciones judiciales para esclarecer lo sucedido.<\/p>\n\n\n\n<p>Seg\u00fan informaci\u00f3n oficial, el ataque en <strong>Mil\u00e1n y Balcarce<\/strong> se produjo mientras varias personas celebraban el <strong>A\u00f1o Nuevo<\/strong> en la v\u00eda p\u00fablica. Desde un autom\u00f3vil efectuaron disparos que impactaron en dos hombres, de 20 y 25 a\u00f1os. El primero sufri\u00f3 una herida en la pierna izquierda, mientras que el segundo recibi\u00f3 un impacto en el t\u00f3rax. Ambos fueron trasladados a centros de salud.<\/p>\n\n\n\n<p>En el marco del operativo posterior, cuatro personas quedaron detenidas, entre ellas una mujer vinculada a la <strong>Polic\u00eda de Investigaciones<\/strong>, sospechada por su presunta participaci\u00f3n o encubrimiento del hecho.<\/p>\n\n\n\n<p>Fuentes de seguridad indicaron que se despleg\u00f3 un operativo cerrojo en la zona sur para identificar a los ocupantes del veh\u00edculo involucrado. La causa qued\u00f3 en manos de la Justicia, que analiza las responsabilidades individuales y el contexto del ataque.<\/p>\n\n\n\n<p>En paralelo, se registraron otros episodios durante la madrugada. En <strong>Tucum\u00e1n al 7400<\/strong> se reportaron detonaciones, mientras que en distintos puntos de la ciudad se produjeron ri\u00f1as entre vecinos en el marco de los festejos.<\/p>\n\n\n\n<p>Desde el \u00e1mbito sanitario confirmaron el ingreso de un hombre de 43 a\u00f1os al <strong>Hospital de Emergencias Clemente \u00c1lvarez<\/strong> (<strong>HECA)<\/strong> con herida de arma blanca y traumatismo de cr\u00e1neo, producto de una pelea. Autoridades policiales se\u00f1alaron que los operativos preventivos se mantuvieron activos durante toda la noche.<\/p>\n\n\n\n<p>Cada inicio de a\u00f1o suele concentrar un aumento de intervenciones por conflictos interpersonales, consumo de alcohol y uso de pirotecnia. A esto se sumaron numerosos siniestros viales, algunos con lesionados y otros con da\u00f1os materiales.<\/p>\n\n\n\n<p>Las causas por las balaceras contin\u00faan bajo investigaci\u00f3n. Las autoridades reiteraron el pedido de colaboraci\u00f3n ciudadana y anticiparon que los controles preventivos se sostendr\u00e1n en los pr\u00f3ximos d\u00edas.<\/p>\n<div class=\"newspaper-x-tags\"><strong>TAGS: <\/strong><span><a href=\"https:\/\/www.rosarioalerta.com.ar\/site\/archivos\/tag\/noticias-de-rosario\" rel=\"tag\">Noticias de Rosario<\/a><\/span><a href=\"https:\/\/www.rosarioalerta.com.ar\/site\/archivos\/tag\/rosario\" rel=\"tag\">Rosario<\/a><\/span><a href=\"https:\/\/www.rosarioalerta.com.ar\/site\/archivos\/tag\/santa-fe\" rel=\"tag\">Santa Fe<\/a> <\/div>","protected":false},"excerpt":{"rendered":"<p>As\u00ed fue el comienzo de este 2026 en Rosario El primer d\u00eda de 2026 dej\u00f3 ataques armados, ri\u00f1as y siniestros viales en distintos puntos de la ciudad. La zona sur concentr\u00f3 el episodio m\u00e1s grave. Durante las primeras horas del primer d\u00eda del a\u00f1o, Rosario registr\u00f3 balaceras con personas heridas, adem\u00e1s de peleas y siniestros [&hellip;]<\/p>\n","protected":false},"author":2,"featured_media":30067,"comment_status":"open","ping_status":"open","sticky":false,"template":"","format":"standard","meta":{"_joinchat":[],"footnotes":""},"categories":[11,17,21,14],"tags":[95,55,65],"class_list":["post-30066","post","type-post","status-publish","format-standard","has-post-thumbnail","hentry","category-detenidos","category-heridos","category-noticias","category-policiales","tag-noticias-de-rosario","tag-rosario","tag-santa-fe"],"_links":{"self":[{"href":"https:\/\/www.rosarioalerta.com.ar\/site\/wp-json\/wp\/v2\/posts\/30066","targetHints":{"allow":["GET"]}}],"collection":[{"href":"https:\/\/www.rosarioalerta.com.ar\/site\/wp-json\/wp\/v2\/posts"}],"about":[{"href":"https:\/\/www.rosarioalerta.com.ar\/site\/wp-json\/wp\/v2\/types\/post"}],"author":[{"embeddable":true,"href":"https:\/\/www.rosarioalerta.com.ar\/site\/wp-json\/wp\/v2\/users\/2"}],"replies":[{"embeddable":true,"href":"https:\/\/www.rosarioalerta.com.ar\/site\/wp-json\/wp\/v2\/comments?post=30066"}],"version-history":[{"count":1,"href":"https:\/\/www.rosarioalerta.com.ar\/site\/wp-json\/wp\/v2\/posts\/30066\/revisions"}],"predecessor-version":[{"id":30068,"href":"https:\/\/www.rosarioalerta.com.ar\/site\/wp-json\/wp\/v2\/posts\/30066\/revisions\/30068"}],"wp:featuredmedia":[{"embeddable":true,"href":"https:\/\/www.rosarioalerta.com.ar\/site\/wp-json\/wp\/v2\/media\/30067"}],"wp:attachment":[{"href":"https:\/\/www.rosarioalerta.com.ar\/site\/wp-json\/wp\/v2\/media?parent=30066"}],"wp:term":[{"taxonomy":"category","embeddable":true,"href":"https:\/\/www.rosarioalerta.com.ar\/site\/wp-json\/wp\/v2\/categories?post=30066"},{"taxonomy":"post_tag","embeddable":true,"href":"https:\/\/www.rosarioalerta.com.ar\/site\/wp-json\/wp\/v2\/tags?post=30066"}],"curies":[{"name":"wp","href":"https:\/\/api.w.org\/{rel}","templated":true}]}}