{"id":30055,"date":"2025-12-31T16:33:13","date_gmt":"2025-12-31T19:33:13","guid":{"rendered":"https:\/\/www.rosarioalerta.com.ar\/site\/?p=30055"},"modified":"2025-12-31T16:35:06","modified_gmt":"2025-12-31T19:35:06","slug":"murio-un-delincuente-en-tablada","status":"publish","type":"post","link":"https:\/\/www.rosarioalerta.com.ar\/site\/archivos\/30055","title":{"rendered":"Muri\u00f3 un delincuente en Tablada"},"content":{"rendered":"\n<p>Fue tras una balacera, hay tres personas demoradas<\/p>\n\n\n\n<p>El hecho ocurri\u00f3 a plena tarde en la zona sur. La v\u00edctima ten\u00eda 16 a\u00f1os y antecedentes penales. Hay tres sospechosos aprehendidos.<\/p>\n\n\n\n<p>Un homicidio en Rosario se registr\u00f3 este mi\u00e9rcoles, pasado el mediod\u00eda en <strong>Esmeralda y Biedma<\/strong>, <strong>barrio Tablada<\/strong>, cuando un adolescente de 16 a\u00f1os fue herido de arma de fuego y muri\u00f3 poco despu\u00e9s en el <strong>Hospital Roque S\u00e1enz Pe\u00f1a.<\/strong> El ataque ocurri\u00f3 por causas que se investigan y fue reportado mediante m\u00faltiples llamados que alertaron sobre la v\u00edctima inconsciente en la v\u00eda p\u00fablica.<\/p>\n\n\n\n<p>Seg\u00fan fuentes oficiales, la polic\u00eda lleg\u00f3 al lugar tras los avisos a la<strong> Central de Emergencias del 911<\/strong>, quienes al arribo solicitaron la presencia del <strong>SIES<\/strong>, aunque, el herido ya hab\u00eda sido trasladado en un veh\u00edculo particular al nosocomio. Minutos despu\u00e9s, se confirm\u00f3 el fallecimiento.<\/p>\n\n\n\n<p>En el marco de las primeras diligencias, la polic\u00eda logr\u00f3 la aprehensi\u00f3n de tres hombres y el secuestro de una pick up, en <strong>Guerrico al 3600<\/strong>, sindicados como los posibles autores del ataque. El procedimiento qued\u00f3 a disposici\u00f3n del Ministerio P\u00fablico de la Acusaci\u00f3n, que orden\u00f3 medidas para el relevamiento de c\u00e1maras, toma de testimonios y pericias.<\/p>\n\n\n\n<p>La v\u00edctima fue identificada como <strong>Valentino Ram\u00edrez de 16 a\u00f1os<\/strong>. De acuerdo con registros oficiales, <strong>presentaba antecedentes por robo y abuso de armas <\/strong>y era una persona <strong>mencionada en el contexto delictivo<\/strong> del <strong>barrio Tablada<\/strong>.<\/p>\n\n\n\n<p>Voceros de la fuerza indicaron que la causa se investiga como homicidio doloso y que se aguardan resultados de pericias para determinar la mec\u00e1nica del hecho y la eventual participaci\u00f3n de m\u00e1s personas.<\/p>\n\n\n\n<p>Con este caso, 2025 cerrar\u00eda con <strong>116 homicidios dolosos<\/strong> en el departamento Rosario, <strong>11 de ellos en diciembre<\/strong>, seg\u00fan estad\u00edsticas preliminares.<\/p>\n\n\n\n<p>Los sospechosos permanecen aprehendidos mientras avanzan las actuaciones judiciales. No se descartan nuevas medidas en las pr\u00f3ximas horas.<br><\/p>\n<div class=\"newspaper-x-tags\"><strong>TAGS: <\/strong><span><a href=\"https:\/\/www.rosarioalerta.com.ar\/site\/archivos\/tag\/noticias-de-rosario\" rel=\"tag\">Noticias de Rosario<\/a><\/span><a href=\"https:\/\/www.rosarioalerta.com.ar\/site\/archivos\/tag\/rosario\" rel=\"tag\">Rosario<\/a><\/span><a href=\"https:\/\/www.rosarioalerta.com.ar\/site\/archivos\/tag\/santa-fe\" rel=\"tag\">Santa Fe<\/a> <\/div>","protected":false},"excerpt":{"rendered":"<p>Fue tras una balacera, hay tres personas demoradas El hecho ocurri\u00f3 a plena tarde en la zona sur. La v\u00edctima ten\u00eda 16 a\u00f1os y antecedentes penales. Hay tres sospechosos aprehendidos. Un homicidio en Rosario se registr\u00f3 este mi\u00e9rcoles, pasado el mediod\u00eda en Esmeralda y Biedma, barrio Tablada, cuando un adolescente de 16 a\u00f1os fue herido [&hellip;]<\/p>\n","protected":false},"author":2,"featured_media":30056,"comment_status":"open","ping_status":"open","sticky":false,"template":"","format":"standard","meta":{"_joinchat":[],"footnotes":""},"categories":[15,17,6,21,14],"tags":[95,55,65],"class_list":["post-30055","post","type-post","status-publish","format-standard","has-post-thumbnail","hentry","category-balaceras","category-heridos","category-homicidios","category-noticias","category-policiales","tag-noticias-de-rosario","tag-rosario","tag-santa-fe"],"_links":{"self":[{"href":"https:\/\/www.rosarioalerta.com.ar\/site\/wp-json\/wp\/v2\/posts\/30055","targetHints":{"allow":["GET"]}}],"collection":[{"href":"https:\/\/www.rosarioalerta.com.ar\/site\/wp-json\/wp\/v2\/posts"}],"about":[{"href":"https:\/\/www.rosarioalerta.com.ar\/site\/wp-json\/wp\/v2\/types\/post"}],"author":[{"embeddable":true,"href":"https:\/\/www.rosarioalerta.com.ar\/site\/wp-json\/wp\/v2\/users\/2"}],"replies":[{"embeddable":true,"href":"https:\/\/www.rosarioalerta.com.ar\/site\/wp-json\/wp\/v2\/comments?post=30055"}],"version-history":[{"count":2,"href":"https:\/\/www.rosarioalerta.com.ar\/site\/wp-json\/wp\/v2\/posts\/30055\/revisions"}],"predecessor-version":[{"id":30059,"href":"https:\/\/www.rosarioalerta.com.ar\/site\/wp-json\/wp\/v2\/posts\/30055\/revisions\/30059"}],"wp:featuredmedia":[{"embeddable":true,"href":"https:\/\/www.rosarioalerta.com.ar\/site\/wp-json\/wp\/v2\/media\/30056"}],"wp:attachment":[{"href":"https:\/\/www.rosarioalerta.com.ar\/site\/wp-json\/wp\/v2\/media?parent=30055"}],"wp:term":[{"taxonomy":"category","embeddable":true,"href":"https:\/\/www.rosarioalerta.com.ar\/site\/wp-json\/wp\/v2\/categories?post=30055"},{"taxonomy":"post_tag","embeddable":true,"href":"https:\/\/www.rosarioalerta.com.ar\/site\/wp-json\/wp\/v2\/tags?post=30055"}],"curies":[{"name":"wp","href":"https:\/\/api.w.org\/{rel}","templated":true}]}}