{"id":30034,"date":"2025-12-30T21:25:03","date_gmt":"2025-12-31T00:25:03","guid":{"rendered":"https:\/\/www.rosarioalerta.com.ar\/site\/?p=30034"},"modified":"2025-12-30T21:25:12","modified_gmt":"2025-12-31T00:25:12","slug":"el-miedo-cambio-de-lado","status":"publish","type":"post","link":"https:\/\/www.rosarioalerta.com.ar\/site\/archivos\/30034","title":{"rendered":"El miedo cambi\u00f3 de lado"},"content":{"rendered":"\n<p>El gobernador encabez\u00f3 la entrega de un helic\u00f3ptero y nuevos m\u00f3viles policiales<\/p>\n\n\n\n<p>El gobernador <strong>Maximiliano Pullaro<\/strong> asegur\u00f3 este martes que \u201c<strong><em>el miedo en la provincia de Santa Fe cambi\u00f3 de lado\u201d<\/em><\/strong> durante un acto realizado en la ciudad capital. El anuncio se dio al entregar un helic\u00f3ptero policial y nuevos veh\u00edculos a la fuerza provincial. La actividad se desarroll\u00f3 por la ma\u00f1ana en La Redonda, con el objetivo de fortalecer el patrullaje y consolidar el plan de seguridad. Seg\u00fan explic\u00f3, la inversi\u00f3n busca poner l\u00edmites al delito mediante m\u00e1s recursos, control territorial y respaldo a la Polic\u00eda.<\/p>\n\n\n\n<p>El acto fue encabezado por <strong>Pullaro<\/strong> junto a autoridades provinciales y jefes policiales. Se present\u00f3 un <strong>helic\u00f3ptero Robinson R44 Raven I y 85<\/strong> <strong>camionetas 0 km<\/strong> destinadas a la Unidad Regional I, adem\u00e1s de<strong> un minib\u00fas<\/strong> para la <strong>Brigada A\u00e9rea no Tripulada<\/strong>.<\/p>\n\n\n\n<p>Los veh\u00edculos forman parte de un total de <strong>720 nuevas unidades adquiridas<\/strong> este a\u00f1o, en el marco de la <strong>Ley de Emergencia en Seguridad<\/strong>. La entrega se suma a los <strong>2.600 patrulleros incorporados<\/strong> desde el inicio de la gesti\u00f3n.<\/p>\n\n\n\n<p><strong>Pullaro<\/strong> sostuvo que el Gobierno avanz\u00f3 con \u201cdeterminaci\u00f3n\u201d en un plan que combina inversi\u00f3n, reordenamiento de recursos y cambios normativos. Se\u00f1al\u00f3 que se trabaja para quitar armas, avanzar sobre bienes delictivos y desarticular puntos de venta de estupefacientes.<\/p>\n\n\n\n<p>\u201cEl objetivo fue claro desde el primer d\u00eda: recuperar el orden en la calle y en las c\u00e1rceles\u201d, afirm\u00f3 durante su discurso ante efectivos policiales.<\/p>\n\n\n\n<p>El ministro de Justicia y Seguridad, Pablo Cococcioni, destac\u00f3 que el reequipamiento permiti\u00f3 \u201cponer de pie a la polic\u00eda en cada rinc\u00f3n de la provincia\u201d. Subray\u00f3 que el helic\u00f3ptero est\u00e1 dise\u00f1ado para operaciones policiales cotidianas y puede despegar y aterrizar en zonas reducidas.<\/p>\n\n\n\n<p>Por su parte, la vicegobernadora Gisela Scaglia remarc\u00f3 que Santa Fe es una de las provincias que m\u00e1s invirti\u00f3 en seguridad en los \u00faltimos dos a\u00f1os.<\/p>\n\n\n\n<p>Desde el inicio de la gesti\u00f3n, el Ejecutivo provincial prioriz\u00f3 la seguridad como eje central. La incorporaci\u00f3n de patrulleros, drones, armamento y ahora una nueva aeronave apunta a reforzar el control en \u00e1reas urbanas y rurales. Las nuevas unidades ya fueron asignadas a la Polic\u00eda provincial. El Gobierno anticip\u00f3 que las entregas continuar\u00e1n en otros departamentos durante los pr\u00f3ximos meses<\/p>\n<div class=\"newspaper-x-tags\"><strong>TAGS: <\/strong><span><a href=\"https:\/\/www.rosarioalerta.com.ar\/site\/archivos\/tag\/noticias-de-rosario\" rel=\"tag\">Noticias de Rosario<\/a><\/span><a href=\"https:\/\/www.rosarioalerta.com.ar\/site\/archivos\/tag\/rosario\" rel=\"tag\">Rosario<\/a><\/span><a href=\"https:\/\/www.rosarioalerta.com.ar\/site\/archivos\/tag\/santa-fe\" rel=\"tag\">Santa Fe<\/a> <\/div>","protected":false},"excerpt":{"rendered":"<p>El gobernador encabez\u00f3 la entrega de un helic\u00f3ptero y nuevos m\u00f3viles policiales El gobernador Maximiliano Pullaro asegur\u00f3 este martes que \u201cel miedo en la provincia de Santa Fe cambi\u00f3 de lado\u201d durante un acto realizado en la ciudad capital. El anuncio se dio al entregar un helic\u00f3ptero policial y nuevos veh\u00edculos a la fuerza provincial. [&hellip;]<\/p>\n","protected":false},"author":2,"featured_media":30035,"comment_status":"open","ping_status":"open","sticky":false,"template":"","format":"standard","meta":{"_joinchat":[],"footnotes":""},"categories":[18,21,14],"tags":[95,55,65],"class_list":["post-30034","post","type-post","status-publish","format-standard","has-post-thumbnail","hentry","category-institucional","category-noticias","category-policiales","tag-noticias-de-rosario","tag-rosario","tag-santa-fe"],"_links":{"self":[{"href":"https:\/\/www.rosarioalerta.com.ar\/site\/wp-json\/wp\/v2\/posts\/30034","targetHints":{"allow":["GET"]}}],"collection":[{"href":"https:\/\/www.rosarioalerta.com.ar\/site\/wp-json\/wp\/v2\/posts"}],"about":[{"href":"https:\/\/www.rosarioalerta.com.ar\/site\/wp-json\/wp\/v2\/types\/post"}],"author":[{"embeddable":true,"href":"https:\/\/www.rosarioalerta.com.ar\/site\/wp-json\/wp\/v2\/users\/2"}],"replies":[{"embeddable":true,"href":"https:\/\/www.rosarioalerta.com.ar\/site\/wp-json\/wp\/v2\/comments?post=30034"}],"version-history":[{"count":1,"href":"https:\/\/www.rosarioalerta.com.ar\/site\/wp-json\/wp\/v2\/posts\/30034\/revisions"}],"predecessor-version":[{"id":30036,"href":"https:\/\/www.rosarioalerta.com.ar\/site\/wp-json\/wp\/v2\/posts\/30034\/revisions\/30036"}],"wp:featuredmedia":[{"embeddable":true,"href":"https:\/\/www.rosarioalerta.com.ar\/site\/wp-json\/wp\/v2\/media\/30035"}],"wp:attachment":[{"href":"https:\/\/www.rosarioalerta.com.ar\/site\/wp-json\/wp\/v2\/media?parent=30034"}],"wp:term":[{"taxonomy":"category","embeddable":true,"href":"https:\/\/www.rosarioalerta.com.ar\/site\/wp-json\/wp\/v2\/categories?post=30034"},{"taxonomy":"post_tag","embeddable":true,"href":"https:\/\/www.rosarioalerta.com.ar\/site\/wp-json\/wp\/v2\/tags?post=30034"}],"curies":[{"name":"wp","href":"https:\/\/api.w.org\/{rel}","templated":true}]}}