{"id":30029,"date":"2025-12-30T07:11:45","date_gmt":"2025-12-30T10:11:45","guid":{"rendered":"https:\/\/www.rosarioalerta.com.ar\/site\/?p=30029"},"modified":"2025-12-30T07:11:46","modified_gmt":"2025-12-30T10:11:46","slug":"un-hombre-fue-apunalado-y-termino-volcando-su-pick-up","status":"publish","type":"post","link":"https:\/\/www.rosarioalerta.com.ar\/site\/archivos\/30029","title":{"rendered":"Un hombre fue apu\u00f1alado y termin\u00f3 volcando su pick up"},"content":{"rendered":"\n<p><\/p>\n\n\n\n<p>Tambi\u00e9n se registr\u00f3 un robo millonario en Roldan. Descartaron la conexi\u00f3n de ambos casos<\/p>\n\n\n\n<p>Dos hechos distintos, ocurridos en las \u00faltimas horas en <strong>Rosario y Rold\u00e1n<\/strong>, activaron operativos policiales e investigaciones judiciales por lesiones graves y hurto calificado.<\/p>\n\n\n\n<p>Un episodio de violencia urbana ocurrido el domingo por la tarde en la <strong>zona norte de Rosario<\/strong> deriv\u00f3 en un siniestro vial, mientras que en <strong>Rold\u00e1n<\/strong> avanza una causa por un robo millonario cometido contra una distribuidora. Ambos hechos ocurrieron en distintos puntos y momentos, fueron denunciados ante la polic\u00eda y quedaron bajo investigaci\u00f3n del Ministerio P\u00fablico de la Acusaci\u00f3n.<\/p>\n\n\n\n<p>El primer hecho se registr\u00f3 el domingo, cerca de las 18, cuando un hombre de 40 a\u00f1os, fue atacado con un arma blanca durante una pelea en <strong>Kanner al 7700.<\/strong> La agresi\u00f3n le provoc\u00f3 heridas en el t\u00f3rax y en el brazo izquierdo.<\/p>\n\n\n\n<p>A pesar de las lesiones, la v\u00edctima logr\u00f3 subirse a su Chevrolet S10 gris. Minutos despu\u00e9s, al circular por <strong>Sorrento y Rondeau<\/strong>, se descompens\u00f3, perdi\u00f3 el control del veh\u00edculo, choc\u00f3 contra autos estacionados y volc\u00f3. Fue asistido por personal de emergencias y trasladado al <strong>Hospital de Emergencias Clemente \u00c1lvarez.<\/strong><\/p>\n\n\n\n<p>Efectivos del <strong>Comando Radioel\u00e9ctrico<\/strong> demoraron a dos hombres de 42 y 49 a\u00f1os, se\u00f1alados como presuntos autores del ataque. Por disposici\u00f3n de la fiscal\u00eda, se relevaron c\u00e1maras de videovigilancia de la zona y se avanz\u00f3 con la toma de testimonios.<\/p>\n\n\n\n<p>El Gabinete Criminal\u00edstico de la <strong>Polic\u00eda de Investigaciones<\/strong> qued\u00f3 a cargo de las pericias de rigor, que incluyeron tareas de fotograf\u00eda, rastros, planimetr\u00eda y an\u00e1lisis de laboratorio.<\/p>\n\n\n\n<p>En paralelo, la Justicia investiga un robo ocurrido este lunes en Rold\u00e1n. Dos personas sustrajeron un bolso con dinero en efectivo y cheques desde la cabina de un cami\u00f3n de una distribuidora de frutas y verduras, estacionado frente al <strong>S\u00faper Oro\u00f1o<\/strong>, en <strong>1\u00ba de Mayo y Ruta 9<\/strong>.<\/p>\n\n\n\n<p>El hecho se produjo sin violencia y qued\u00f3 registrado por c\u00e1maras de seguridad. El due\u00f1o de la empresa reconoci\u00f3 a uno de los autores como empleado. El trabajador fue detenido y su c\u00f3mplice se present\u00f3 de manera voluntaria ante la Justicia.<\/p>\n\n\n\n<p>Ambos casos contin\u00faan en etapa investigativa. La v\u00edctima del ataque permanece bajo atenci\u00f3n m\u00e9dica, mientras que los sospechosos de ambos hechos quedaron a disposici\u00f3n judicial.<\/p>\n<div class=\"newspaper-x-tags\"><strong>TAGS: <\/strong><span><a href=\"https:\/\/www.rosarioalerta.com.ar\/site\/archivos\/tag\/noticias-de-roldan-2\" rel=\"tag\">Noticias de Rold\u00e1n<\/a><\/span><a href=\"https:\/\/www.rosarioalerta.com.ar\/site\/archivos\/tag\/noticias-de-rosario\" rel=\"tag\">Noticias de Rosario<\/a><\/span><a href=\"https:\/\/www.rosarioalerta.com.ar\/site\/archivos\/tag\/roldan-2\" rel=\"tag\">Rold\u00e1n<\/a><\/span><a href=\"https:\/\/www.rosarioalerta.com.ar\/site\/archivos\/tag\/rosario\" rel=\"tag\">Rosario<\/a><\/span><a href=\"https:\/\/www.rosarioalerta.com.ar\/site\/archivos\/tag\/santa-fe\" rel=\"tag\">Santa Fe<\/a> <\/div>","protected":false},"excerpt":{"rendered":"<p>Tambi\u00e9n se registr\u00f3 un robo millonario en Roldan. Descartaron la conexi\u00f3n de ambos casos Dos hechos distintos, ocurridos en las \u00faltimas horas en Rosario y Rold\u00e1n, activaron operativos policiales e investigaciones judiciales por lesiones graves y hurto calificado. Un episodio de violencia urbana ocurrido el domingo por la tarde en la zona norte de Rosario [&hellip;]<\/p>\n","protected":false},"author":2,"featured_media":30030,"comment_status":"open","ping_status":"open","sticky":false,"template":"","format":"standard","meta":{"_joinchat":[],"footnotes":""},"categories":[11,17,21,14],"tags":[1189,95,1188,55,65],"class_list":["post-30029","post","type-post","status-publish","format-standard","has-post-thumbnail","hentry","category-detenidos","category-heridos","category-noticias","category-policiales","tag-noticias-de-roldan-2","tag-noticias-de-rosario","tag-roldan-2","tag-rosario","tag-santa-fe"],"_links":{"self":[{"href":"https:\/\/www.rosarioalerta.com.ar\/site\/wp-json\/wp\/v2\/posts\/30029","targetHints":{"allow":["GET"]}}],"collection":[{"href":"https:\/\/www.rosarioalerta.com.ar\/site\/wp-json\/wp\/v2\/posts"}],"about":[{"href":"https:\/\/www.rosarioalerta.com.ar\/site\/wp-json\/wp\/v2\/types\/post"}],"author":[{"embeddable":true,"href":"https:\/\/www.rosarioalerta.com.ar\/site\/wp-json\/wp\/v2\/users\/2"}],"replies":[{"embeddable":true,"href":"https:\/\/www.rosarioalerta.com.ar\/site\/wp-json\/wp\/v2\/comments?post=30029"}],"version-history":[{"count":1,"href":"https:\/\/www.rosarioalerta.com.ar\/site\/wp-json\/wp\/v2\/posts\/30029\/revisions"}],"predecessor-version":[{"id":30031,"href":"https:\/\/www.rosarioalerta.com.ar\/site\/wp-json\/wp\/v2\/posts\/30029\/revisions\/30031"}],"wp:featuredmedia":[{"embeddable":true,"href":"https:\/\/www.rosarioalerta.com.ar\/site\/wp-json\/wp\/v2\/media\/30030"}],"wp:attachment":[{"href":"https:\/\/www.rosarioalerta.com.ar\/site\/wp-json\/wp\/v2\/media?parent=30029"}],"wp:term":[{"taxonomy":"category","embeddable":true,"href":"https:\/\/www.rosarioalerta.com.ar\/site\/wp-json\/wp\/v2\/categories?post=30029"},{"taxonomy":"post_tag","embeddable":true,"href":"https:\/\/www.rosarioalerta.com.ar\/site\/wp-json\/wp\/v2\/tags?post=30029"}],"curies":[{"name":"wp","href":"https:\/\/api.w.org\/{rel}","templated":true}]}}