{"id":30018,"date":"2025-12-29T07:39:35","date_gmt":"2025-12-29T10:39:35","guid":{"rendered":"https:\/\/www.rosarioalerta.com.ar\/site\/?p=30018"},"modified":"2025-12-29T07:39:38","modified_gmt":"2025-12-29T10:39:38","slug":"una-mujer-fue-embestida-por-un-tren-en-avellaneda-y-las-vias","status":"publish","type":"post","link":"https:\/\/www.rosarioalerta.com.ar\/site\/archivos\/30018","title":{"rendered":"Una mujer fue embestida por un tren en Avellaneda y las v\u00edas"},"content":{"rendered":"\n<p>El hecho ocurri\u00f3 de madrugada. La v\u00edctima fue asistida y trasladada al HECA<\/p>\n\n\n\n<p>Un siniestro ferroviario se registr\u00f3 en horas de la madrugada de este lunes, en <strong>Avellaneda y las v\u00edas<\/strong>, cuando una mujer de 53 a\u00f1os fue embestida por un tren de pasajeros. El hecho ocurri\u00f3 mientras la v\u00edctima se encontraba en el exterior de su domicilio. Fue asistida por el <strong>SIES<\/strong> y trasladada al <strong>Hospital de Emergencias Clemente \u00c1lvarez<\/strong> (HECA). El conductor del tren qued\u00f3 a disposici\u00f3n de la Justicia para las actuaciones de rigor.<\/p>\n\n\n\n<p>La polic\u00eda fue comisionada al lugar tras un aviso por un siniestro. En la escena, los efectivos entrevistaron al esposo de la v\u00edctima, quien relat\u00f3 que su mujer, <strong>Anabel C. (53),<\/strong> hab\u00eda salido a fumar y luego vecinos le informaron que hab\u00eda sido arrollada por una formaci\u00f3n ferroviaria.<\/p>\n\n\n\n<p>La mujer presentaba estado de conmoci\u00f3n y no respond\u00eda a las preguntas a la polic\u00eda. Solicitaron asistencia m\u00e9dica inmediata para su evaluaci\u00f3n y traslado.<\/p>\n\n\n\n<p>El <strong>SIES<\/strong>, diagnostic\u00f3 traumatismos varios y dispuso el traslado al <strong>HECA<\/strong> para una mejor atenci\u00f3n. En el lugar identificaron al conductor, del tren de 33 a\u00f1os, quien trasladaba a la locomotora con siete vagones, perteneciente a la empresa Trenes Argentinos, que transportaba aproximadamente 103 pasajeros con destino a Estaci\u00f3n Rosario Norte.<\/p>\n\n\n\n<p>Fuentes policiales indicaron que \u201cse activaron los protocolos de intervenci\u00f3n y asistencia sanitaria\u201d y que las actuaciones se realizaron para preservar la escena y reunir datos t\u00e9cnicos del hecho.<\/p>\n\n\n\n<p>Los pasos a nivel y zonas ferroviarias requieren medidas de seguridad reforzadas, especialmente durante la madrugada, cuando la visibilidad es reducida y el tr\u00e1nsito peatonal puede incrementarse en \u00e1reas residenciales.<\/p>\n\n\n\n<p>La PDI arrib\u00f3 al lugar para continuar con las diligencias. Finalizadas las actuaciones, el procedimiento fue trasladado a la <strong>Comisar\u00eda 32\u00ba.<\/strong> La causa contin\u00faa en investigaci\u00f3n para establecer las circunstancias del siniestro.<\/p>\n<div class=\"newspaper-x-tags\"><strong>TAGS: <\/strong><span><a href=\"https:\/\/www.rosarioalerta.com.ar\/site\/archivos\/tag\/noticias-de-rosario\" rel=\"tag\">Noticias de Rosario<\/a><\/span><a href=\"https:\/\/www.rosarioalerta.com.ar\/site\/archivos\/tag\/rosario\" rel=\"tag\">Rosario<\/a><\/span><a href=\"https:\/\/www.rosarioalerta.com.ar\/site\/archivos\/tag\/santa-fe\" rel=\"tag\">Santa Fe<\/a> <\/div>","protected":false},"excerpt":{"rendered":"<p>El hecho ocurri\u00f3 de madrugada. La v\u00edctima fue asistida y trasladada al HECA Un siniestro ferroviario se registr\u00f3 en horas de la madrugada de este lunes, en Avellaneda y las v\u00edas, cuando una mujer de 53 a\u00f1os fue embestida por un tren de pasajeros. El hecho ocurri\u00f3 mientras la v\u00edctima se encontraba en el exterior [&hellip;]<\/p>\n","protected":false},"author":2,"featured_media":30019,"comment_status":"open","ping_status":"open","sticky":false,"template":"","format":"standard","meta":{"_joinchat":[],"footnotes":""},"categories":[17,21,14,10],"tags":[95,55,65],"class_list":["post-30018","post","type-post","status-publish","format-standard","has-post-thumbnail","hentry","category-heridos","category-noticias","category-policiales","category-siniestros-viales","tag-noticias-de-rosario","tag-rosario","tag-santa-fe"],"_links":{"self":[{"href":"https:\/\/www.rosarioalerta.com.ar\/site\/wp-json\/wp\/v2\/posts\/30018","targetHints":{"allow":["GET"]}}],"collection":[{"href":"https:\/\/www.rosarioalerta.com.ar\/site\/wp-json\/wp\/v2\/posts"}],"about":[{"href":"https:\/\/www.rosarioalerta.com.ar\/site\/wp-json\/wp\/v2\/types\/post"}],"author":[{"embeddable":true,"href":"https:\/\/www.rosarioalerta.com.ar\/site\/wp-json\/wp\/v2\/users\/2"}],"replies":[{"embeddable":true,"href":"https:\/\/www.rosarioalerta.com.ar\/site\/wp-json\/wp\/v2\/comments?post=30018"}],"version-history":[{"count":1,"href":"https:\/\/www.rosarioalerta.com.ar\/site\/wp-json\/wp\/v2\/posts\/30018\/revisions"}],"predecessor-version":[{"id":30020,"href":"https:\/\/www.rosarioalerta.com.ar\/site\/wp-json\/wp\/v2\/posts\/30018\/revisions\/30020"}],"wp:featuredmedia":[{"embeddable":true,"href":"https:\/\/www.rosarioalerta.com.ar\/site\/wp-json\/wp\/v2\/media\/30019"}],"wp:attachment":[{"href":"https:\/\/www.rosarioalerta.com.ar\/site\/wp-json\/wp\/v2\/media?parent=30018"}],"wp:term":[{"taxonomy":"category","embeddable":true,"href":"https:\/\/www.rosarioalerta.com.ar\/site\/wp-json\/wp\/v2\/categories?post=30018"},{"taxonomy":"post_tag","embeddable":true,"href":"https:\/\/www.rosarioalerta.com.ar\/site\/wp-json\/wp\/v2\/tags?post=30018"}],"curies":[{"name":"wp","href":"https:\/\/api.w.org\/{rel}","templated":true}]}}