{"id":29976,"date":"2025-12-27T08:31:26","date_gmt":"2025-12-27T11:31:26","guid":{"rendered":"https:\/\/www.rosarioalerta.com.ar\/site\/?p=29976"},"modified":"2025-12-27T08:31:29","modified_gmt":"2025-12-27T11:31:29","slug":"pullaro-refuerza-la-seguridad-con-190-moviles","status":"publish","type":"post","link":"https:\/\/www.rosarioalerta.com.ar\/site\/archivos\/29976","title":{"rendered":"Pullaro refuerza la seguridad con 190 m\u00f3viles"},"content":{"rendered":"\n<h1 class=\"wp-block-heading\"><\/h1>\n\n\n\n<p>El gobernador entreg\u00f3 nuevas camionetas a la UR II y ratific\u00f3 un plan de inversi\u00f3n sostenida para reducir el delito en Santa Fe<\/p>\n\n\n\n<p>El gobernador Maximiliano Pullaro encabez\u00f3 este viernes la entrega de <strong>190 m\u00f3viles policiales<\/strong> a la Unidad Regional II en Rosario. El acto se realiz\u00f3 en la Estaci\u00f3n Policial Sudoeste. La medida busca fortalecer el patrullaje urbano y rural, mejorar la prevenci\u00f3n del delito y consolidar la estrategia de <strong>seguridad p\u00fablica<\/strong> impulsada por el Gobierno provincial, mediante la incorporaci\u00f3n de recursos y tecnolog\u00eda.<\/p>\n\n\n\n<p>Las camionetas fueron presentadas durante un acto oficial con autoridades provinciales y jefes policiales. Se trata de unidades 0 km que se suman al sistema de patrullaje de Rosario y su zona de influencia. La incorporaci\u00f3n forma parte de un plan m\u00e1s amplio que prev\u00e9 720 veh\u00edculos adquiridos en el marco de la Ley de Emergencia en Seguridad.<\/p>\n\n\n\n<p>Pullaro destac\u00f3 que las inversiones buscan que \u201ccada vecino pueda ver la decisi\u00f3n pol\u00edtica que est\u00e1 detr\u00e1s de cada acci\u00f3n en seguridad\u201d.<\/p>\n\n\n\n<p>Las 190 camionetas entregadas son Chevrolet Montana, adquiridas por licitaci\u00f3n p\u00fablica. Est\u00e1n equipadas para patrullaje urbano y rural, con tracci\u00f3n 4&#215;2, paragolpes reforzados, rejas de protecci\u00f3n, pantalla t\u00e1ctil y sistemas de asistencia para la conducci\u00f3n.<\/p>\n\n\n\n<p>Seg\u00fan datos oficiales, esta compra se integra a una dotaci\u00f3n que supera las 2.500 unidades incorporadas en dos a\u00f1os en toda la provincia.<\/p>\n\n\n\n<p>&nbsp;\u201cEl objetivo es tener la provincia m\u00e1s segura de la Rep\u00fablica Argentina\u201d, afirm\u00f3 Pullaro. Adem\u00e1s, valor\u00f3 el trabajo de la Polic\u00eda de Santa Fe y sostuvo que, con planificaci\u00f3n y m\u00e9todo, \u201cse logr\u00f3 contener el delito y bajar la violencia\u201d.<\/p>\n\n\n\n<p>Por su parte, el ministro de Justicia y Seguridad, Pablo Cococcioni, se\u00f1al\u00f3 que la inversi\u00f3n supera los 30.000 millones de pesos y permite garantizar patrullaje permanente, m\u00f3viles de reserva y mejor log\u00edstica operativa.<\/p>\n\n\n\n<p>El refuerzo vehicular se complementa con otras obras en marcha: cinco nuevas estaciones policiales en Rosario, la Central de An\u00e1lisis del 911, nuevas c\u00e1rceles y la ampliaci\u00f3n de plazas penitenciarias. Tambi\u00e9n se incorporaron c\u00e1maras con inteligencia artificial y se cre\u00f3 la Unidad Lince para investigaciones en tiempo real.<\/p>\n\n\n\n<p>Las nuevas unidades ya comenzaron a ser distribuidas. Desde el Ejecutivo confirmaron que el plan de seguridad continuar\u00e1 con m\u00e1s inversiones durante los pr\u00f3ximos a\u00f1os.<\/p>\n<div class=\"newspaper-x-tags\"><strong>TAGS: <\/strong><span><a href=\"https:\/\/www.rosarioalerta.com.ar\/site\/archivos\/tag\/noticias-de-rosario\" rel=\"tag\">Noticias de Rosario<\/a><\/span><a href=\"https:\/\/www.rosarioalerta.com.ar\/site\/archivos\/tag\/rosario\" rel=\"tag\">Rosario<\/a><\/span><a href=\"https:\/\/www.rosarioalerta.com.ar\/site\/archivos\/tag\/santa-fe\" rel=\"tag\">Santa Fe<\/a> <\/div>","protected":false},"excerpt":{"rendered":"<p>El gobernador entreg\u00f3 nuevas camionetas a la UR II y ratific\u00f3 un plan de inversi\u00f3n sostenida para reducir el delito en Santa Fe El gobernador Maximiliano Pullaro encabez\u00f3 este viernes la entrega de 190 m\u00f3viles policiales a la Unidad Regional II en Rosario. El acto se realiz\u00f3 en la Estaci\u00f3n Policial Sudoeste. La medida busca [&hellip;]<\/p>\n","protected":false},"author":2,"featured_media":29977,"comment_status":"open","ping_status":"open","sticky":false,"template":"","format":"standard","meta":{"_joinchat":[],"footnotes":""},"categories":[18,21,14],"tags":[95,55,65],"class_list":["post-29976","post","type-post","status-publish","format-standard","has-post-thumbnail","hentry","category-institucional","category-noticias","category-policiales","tag-noticias-de-rosario","tag-rosario","tag-santa-fe"],"_links":{"self":[{"href":"https:\/\/www.rosarioalerta.com.ar\/site\/wp-json\/wp\/v2\/posts\/29976","targetHints":{"allow":["GET"]}}],"collection":[{"href":"https:\/\/www.rosarioalerta.com.ar\/site\/wp-json\/wp\/v2\/posts"}],"about":[{"href":"https:\/\/www.rosarioalerta.com.ar\/site\/wp-json\/wp\/v2\/types\/post"}],"author":[{"embeddable":true,"href":"https:\/\/www.rosarioalerta.com.ar\/site\/wp-json\/wp\/v2\/users\/2"}],"replies":[{"embeddable":true,"href":"https:\/\/www.rosarioalerta.com.ar\/site\/wp-json\/wp\/v2\/comments?post=29976"}],"version-history":[{"count":1,"href":"https:\/\/www.rosarioalerta.com.ar\/site\/wp-json\/wp\/v2\/posts\/29976\/revisions"}],"predecessor-version":[{"id":29978,"href":"https:\/\/www.rosarioalerta.com.ar\/site\/wp-json\/wp\/v2\/posts\/29976\/revisions\/29978"}],"wp:featuredmedia":[{"embeddable":true,"href":"https:\/\/www.rosarioalerta.com.ar\/site\/wp-json\/wp\/v2\/media\/29977"}],"wp:attachment":[{"href":"https:\/\/www.rosarioalerta.com.ar\/site\/wp-json\/wp\/v2\/media?parent=29976"}],"wp:term":[{"taxonomy":"category","embeddable":true,"href":"https:\/\/www.rosarioalerta.com.ar\/site\/wp-json\/wp\/v2\/categories?post=29976"},{"taxonomy":"post_tag","embeddable":true,"href":"https:\/\/www.rosarioalerta.com.ar\/site\/wp-json\/wp\/v2\/tags?post=29976"}],"curies":[{"name":"wp","href":"https:\/\/api.w.org\/{rel}","templated":true}]}}