{"id":29966,"date":"2025-12-26T11:35:43","date_gmt":"2025-12-26T14:35:43","guid":{"rendered":"https:\/\/www.rosarioalerta.com.ar\/site\/?p=29966"},"modified":"2025-12-26T11:35:43","modified_gmt":"2025-12-26T14:35:43","slug":"prision-preventiva-por-femicidio-2","status":"publish","type":"post","link":"https:\/\/www.rosarioalerta.com.ar\/site\/archivos\/29966","title":{"rendered":"Prisi\u00f3n preventiva por femicidio"},"content":{"rendered":"\n<p>Imputaron a los asesinos de Luc\u00eda Carpanetto<\/p>\n\n\n\n<p>La Justicia de Rosario dict\u00f3 <strong>prisi\u00f3n preventiva efectiva<\/strong> para <strong>Silvia Ail\u00e9n Varela<\/strong> y ratific\u00f3 la medida para <strong>Valent\u00edn \u00c1lvaro Rodr\u00edguez<\/strong> por el <strong>femicidio<\/strong> de <strong>Luc\u00eda Carpanetto<\/strong>, cometido el <strong>14 de diciembre de 2022<\/strong> en <strong>calle Mu\u00f1oz al 700<\/strong>. La resoluci\u00f3n se adopt\u00f3 el <strong>24 de diciembre de 2025<\/strong>, durante una audiencia imputativa en el <strong>Centro de Justicia Penal<\/strong>, donde se expuso c\u00f3mo se planific\u00f3 y ejecut\u00f3 el crimen mediante un acuerdo previo y el uso de un arma de fuego.<\/p>\n\n\n\n<p>De acuerdo con la acusaci\u00f3n fiscal, el homicidio fue encargado desde el lugar de detenci\u00f3n de <strong>Dami\u00e1n V.<\/strong>, quien ya se encontraba imputado. Seg\u00fan la reconstrucci\u00f3n, <strong>Silvia Ail\u00e9n Varela<\/strong> se comunic\u00f3 con \u00e9l por un conflicto previo con la v\u00edctima, ex pareja de la actual pareja de <strong>Varela<\/strong>. A partir de ese intercambio, se habr\u00eda acordado la muerte de <strong>Luc\u00eda Carpanetto<\/strong> mediante el pago de dinero.<\/p>\n\n\n\n<p>El plan incluy\u00f3 generar un encuentro con la v\u00edctima a trav\u00e9s de redes sociales. Tras una postergaci\u00f3n, en la madrugada del <strong>14 de diciembre de 2022<\/strong>, <strong>Valent\u00edn \u00c1lvaro Rodr\u00edguez<\/strong> cit\u00f3 a <strong>Carpanetto<\/strong> y, aprovechando la falta de testigos, efectu\u00f3 un disparo que caus\u00f3 su fallecimiento.<\/p>\n\n\n\n<p>La Fiscal\u00eda atribuy\u00f3 a <strong>Rodr\u00edguez<\/strong> los delitos de <strong>homicidio calificado por precio o promesa remuneratoria<\/strong>, por mediar <strong>violencia de g\u00e9nero<\/strong> y por ser <strong>criminis causa<\/strong>, agravado por el uso de arma de fuego. Adem\u00e1s, se le imputaron <strong>robo calificado<\/strong> y <strong>portaci\u00f3n ileg\u00edtima de arma de fuego<\/strong>. La sustracci\u00f3n del tel\u00e9fono celular de la v\u00edctima y la eliminaci\u00f3n de contenido fueron consideradas maniobras para asegurar impunidad.<\/p>\n\n\n\n<p>En audiencia, el fiscal <strong>Alejandro Ferlazzo<\/strong> sostuvo que el hecho se cometi\u00f3 en un marco de vulnerabilidad estructural de la v\u00edctima y con una planificaci\u00f3n previa. El juez de primera instancia <strong>Dr. Rodr\u00edguez<\/strong> formaliz\u00f3 la imputaci\u00f3n y orden\u00f3 la prisi\u00f3n preventiva por el plazo de ley para ambos imputados.<\/p>\n\n\n\n<p>La causa se inscribe en antecedentes de <strong>violencia de g\u00e9nero<\/strong> y denuncias previas realizadas por la v\u00edctima. Tambi\u00e9n se analizaron v\u00ednculos entre los imputados y comunicaciones realizadas desde un tel\u00e9fono utilizado de forma ilegal.<\/p>\n\n\n\n<p><strong>Silvia Ail\u00e9n Varela<\/strong>, <strong>Valent\u00edn \u00c1lvaro Rodr\u00edguez<\/strong> y <strong>Dami\u00e1n V.<\/strong> permanecen detenidos con <strong>prisi\u00f3n preventiva efectiva<\/strong>, mientras la investigaci\u00f3n avanza hacia la etapa de juicio.<\/p>\n<div class=\"newspaper-x-tags\"><strong>TAGS: <\/strong><span><a href=\"https:\/\/www.rosarioalerta.com.ar\/site\/archivos\/tag\/lucia-carpanetto\" rel=\"tag\">Luc\u00eda Carpanetto<\/a><\/span><a href=\"https:\/\/www.rosarioalerta.com.ar\/site\/archivos\/tag\/noticias-de-rosario\" rel=\"tag\">Noticias de Rosario<\/a><\/span><a href=\"https:\/\/www.rosarioalerta.com.ar\/site\/archivos\/tag\/rosario\" rel=\"tag\">Rosario<\/a><\/span><a href=\"https:\/\/www.rosarioalerta.com.ar\/site\/archivos\/tag\/santa-fe\" rel=\"tag\">Santa Fe<\/a><\/span><a href=\"https:\/\/www.rosarioalerta.com.ar\/site\/archivos\/tag\/silvia-ailen-varela\" rel=\"tag\">Silvia Ail\u00e9n Varela<\/a><\/span><a href=\"https:\/\/www.rosarioalerta.com.ar\/site\/archivos\/tag\/valentin-alvaro-rodriguez\" rel=\"tag\">Valent\u00edn \u00c1lvaro Rodr\u00edguez<\/a> <\/div>","protected":false},"excerpt":{"rendered":"<p>Imputaron a los asesinos de Luc\u00eda Carpanetto La Justicia de Rosario dict\u00f3 prisi\u00f3n preventiva efectiva para Silvia Ail\u00e9n Varela y ratific\u00f3 la medida para Valent\u00edn \u00c1lvaro Rodr\u00edguez por el femicidio de Luc\u00eda Carpanetto, cometido el 14 de diciembre de 2022 en calle Mu\u00f1oz al 700. La resoluci\u00f3n se adopt\u00f3 el 24 de diciembre de 2025, [&hellip;]<\/p>\n","protected":false},"author":2,"featured_media":29967,"comment_status":"open","ping_status":"open","sticky":false,"template":"","format":"standard","meta":{"_joinchat":[],"footnotes":""},"categories":[11,13,21],"tags":[1921,95,55,65,1922,1923],"class_list":["post-29966","post","type-post","status-publish","format-standard","has-post-thumbnail","hentry","category-detenidos","category-judiciales","category-noticias","tag-lucia-carpanetto","tag-noticias-de-rosario","tag-rosario","tag-santa-fe","tag-silvia-ailen-varela","tag-valentin-alvaro-rodriguez"],"_links":{"self":[{"href":"https:\/\/www.rosarioalerta.com.ar\/site\/wp-json\/wp\/v2\/posts\/29966","targetHints":{"allow":["GET"]}}],"collection":[{"href":"https:\/\/www.rosarioalerta.com.ar\/site\/wp-json\/wp\/v2\/posts"}],"about":[{"href":"https:\/\/www.rosarioalerta.com.ar\/site\/wp-json\/wp\/v2\/types\/post"}],"author":[{"embeddable":true,"href":"https:\/\/www.rosarioalerta.com.ar\/site\/wp-json\/wp\/v2\/users\/2"}],"replies":[{"embeddable":true,"href":"https:\/\/www.rosarioalerta.com.ar\/site\/wp-json\/wp\/v2\/comments?post=29966"}],"version-history":[{"count":1,"href":"https:\/\/www.rosarioalerta.com.ar\/site\/wp-json\/wp\/v2\/posts\/29966\/revisions"}],"predecessor-version":[{"id":29968,"href":"https:\/\/www.rosarioalerta.com.ar\/site\/wp-json\/wp\/v2\/posts\/29966\/revisions\/29968"}],"wp:featuredmedia":[{"embeddable":true,"href":"https:\/\/www.rosarioalerta.com.ar\/site\/wp-json\/wp\/v2\/media\/29967"}],"wp:attachment":[{"href":"https:\/\/www.rosarioalerta.com.ar\/site\/wp-json\/wp\/v2\/media?parent=29966"}],"wp:term":[{"taxonomy":"category","embeddable":true,"href":"https:\/\/www.rosarioalerta.com.ar\/site\/wp-json\/wp\/v2\/categories?post=29966"},{"taxonomy":"post_tag","embeddable":true,"href":"https:\/\/www.rosarioalerta.com.ar\/site\/wp-json\/wp\/v2\/tags?post=29966"}],"curies":[{"name":"wp","href":"https:\/\/api.w.org\/{rel}","templated":true}]}}