{"id":29963,"date":"2025-12-26T11:28:59","date_gmt":"2025-12-26T14:28:59","guid":{"rendered":"https:\/\/www.rosarioalerta.com.ar\/site\/?p=29963"},"modified":"2025-12-26T11:29:00","modified_gmt":"2025-12-26T14:29:00","slug":"parto-en-la-via-publica","status":"publish","type":"post","link":"https:\/\/www.rosarioalerta.com.ar\/site\/archivos\/29963","title":{"rendered":"Parto en la v\u00eda p\u00fablica"},"content":{"rendered":"\n<p>La polic\u00eda intervino para un traslado seguro<\/p>\n\n\n\n<p>Dos suboficiales asistieron un nacimiento imprevisto durante un control vehicular y garantizaron la atenci\u00f3n m\u00e9dica inmediata.<br>Un <strong>parto en la v\u00eda p\u00fablica<\/strong> ocurri\u00f3 este viernes en horas de la madrugada, en la intersecci\u00f3n de <strong>Pellegrini y Gutemberg<\/strong>, cuando una mujer inici\u00f3 trabajo de parto dentro de un veh\u00edculo particular. El hecho fue advertido durante un control policial y asistido por personal de la <strong>Brigada de Orden Urbano<\/strong>, que brind\u00f3 contenci\u00f3n hasta la llegada de personal de salud. El nacimiento se produjo <strong>antes del arribo de la ambulancia<\/strong>, y madre y reci\u00e9n nacido se encontraban <strong>estables<\/strong>.<\/p>\n\n\n\n<p>El procedimiento se desarrollaba con normalidad cuando un <strong>Renault Clio blanco<\/strong> se detuvo para solicitar ayuda. En el interior se encontraba <strong>Eliana M<\/strong> de <strong>43 a\u00f1os<\/strong>, acompa\u00f1ada por su pareja, <strong>Cristian Fernando P<\/strong> de <strong>42<\/strong>. Ante la urgencia, las suboficiales <strong>Mar\u00eda Sol Clausen<\/strong> y <strong>Karen Mancilla<\/strong> activaron el protocolo y dieron aviso a la central para requerir una unidad del <strong>SIES<\/strong>.<\/p>\n\n\n\n<p>La mujer dio a luz minutos despu\u00e9s. El personal actuante asisti\u00f3 el proceso, brind\u00f3 contenci\u00f3n emocional y verific\u00f3 signos vitales, manteniendo condiciones de seguridad en el lugar.<\/p>\n\n\n\n<p>Fuentes policiales indicaron que \u201cla prioridad fue <strong>resguardar la salud<\/strong> de la madre y del beb\u00e9, coordinar con emergencias y asegurar un <strong>traslado seguro<\/strong>\u201d. La obstetra constat\u00f3 par\u00e1metros normales y habilit\u00f3 el traslado.<\/p>\n\n\n\n<p>Los partos extra hospitalarios pueden ocurrir por la <strong>rapidez del trabajo de parto<\/strong>. En estos casos, la coordinaci\u00f3n entre fuerzas de seguridad y salud resulta clave para reducir riesgos y garantizar atenci\u00f3n oportuna.<\/p>\n\n\n\n<p>Con la evaluaci\u00f3n favorable, madre e hijo fueron <strong>trasladados en el veh\u00edculo particular<\/strong> al <strong>Sanatorio Brit\u00e1nico<\/strong> para controles de rutina. No se registraron complicaciones.<\/p>\n<div class=\"newspaper-x-tags\"><strong>TAGS: <\/strong><span><a href=\"https:\/\/www.rosarioalerta.com.ar\/site\/archivos\/tag\/noticias-de-rosario\" rel=\"tag\">Noticias de Rosario<\/a><\/span><a href=\"https:\/\/www.rosarioalerta.com.ar\/site\/archivos\/tag\/rosario\" rel=\"tag\">Rosario<\/a><\/span><a href=\"https:\/\/www.rosarioalerta.com.ar\/site\/archivos\/tag\/santa-fe\" rel=\"tag\">Santa Fe<\/a> <\/div>","protected":false},"excerpt":{"rendered":"<p>La polic\u00eda intervino para un traslado seguro Dos suboficiales asistieron un nacimiento imprevisto durante un control vehicular y garantizaron la atenci\u00f3n m\u00e9dica inmediata.Un parto en la v\u00eda p\u00fablica ocurri\u00f3 este viernes en horas de la madrugada, en la intersecci\u00f3n de Pellegrini y Gutemberg, cuando una mujer inici\u00f3 trabajo de parto dentro de un veh\u00edculo particular. [&hellip;]<\/p>\n","protected":false},"author":2,"featured_media":29964,"comment_status":"open","ping_status":"open","sticky":false,"template":"","format":"standard","meta":{"_joinchat":[],"footnotes":""},"categories":[18,21,14],"tags":[95,55,65],"class_list":["post-29963","post","type-post","status-publish","format-standard","has-post-thumbnail","hentry","category-institucional","category-noticias","category-policiales","tag-noticias-de-rosario","tag-rosario","tag-santa-fe"],"_links":{"self":[{"href":"https:\/\/www.rosarioalerta.com.ar\/site\/wp-json\/wp\/v2\/posts\/29963","targetHints":{"allow":["GET"]}}],"collection":[{"href":"https:\/\/www.rosarioalerta.com.ar\/site\/wp-json\/wp\/v2\/posts"}],"about":[{"href":"https:\/\/www.rosarioalerta.com.ar\/site\/wp-json\/wp\/v2\/types\/post"}],"author":[{"embeddable":true,"href":"https:\/\/www.rosarioalerta.com.ar\/site\/wp-json\/wp\/v2\/users\/2"}],"replies":[{"embeddable":true,"href":"https:\/\/www.rosarioalerta.com.ar\/site\/wp-json\/wp\/v2\/comments?post=29963"}],"version-history":[{"count":1,"href":"https:\/\/www.rosarioalerta.com.ar\/site\/wp-json\/wp\/v2\/posts\/29963\/revisions"}],"predecessor-version":[{"id":29965,"href":"https:\/\/www.rosarioalerta.com.ar\/site\/wp-json\/wp\/v2\/posts\/29963\/revisions\/29965"}],"wp:featuredmedia":[{"embeddable":true,"href":"https:\/\/www.rosarioalerta.com.ar\/site\/wp-json\/wp\/v2\/media\/29964"}],"wp:attachment":[{"href":"https:\/\/www.rosarioalerta.com.ar\/site\/wp-json\/wp\/v2\/media?parent=29963"}],"wp:term":[{"taxonomy":"category","embeddable":true,"href":"https:\/\/www.rosarioalerta.com.ar\/site\/wp-json\/wp\/v2\/categories?post=29963"},{"taxonomy":"post_tag","embeddable":true,"href":"https:\/\/www.rosarioalerta.com.ar\/site\/wp-json\/wp\/v2\/tags?post=29963"}],"curies":[{"name":"wp","href":"https:\/\/api.w.org\/{rel}","templated":true}]}}