{"id":29960,"date":"2025-12-26T07:51:49","date_gmt":"2025-12-26T10:51:49","guid":{"rendered":"https:\/\/www.rosarioalerta.com.ar\/site\/?p=29960"},"modified":"2025-12-26T11:26:12","modified_gmt":"2025-12-26T14:26:12","slug":"investigan-un-ataque-con-fuego-a-un-joven-en-situacion-de-calle","status":"publish","type":"post","link":"https:\/\/www.rosarioalerta.com.ar\/site\/archivos\/29960","title":{"rendered":"Investigan un ataque con fuego a un joven en situaci\u00f3n de calle"},"content":{"rendered":"\n<p>Ocurri\u00f3 anoche en una vivienda de pasillo de Barrio Industrial y los autores ser\u00edan menores<\/p>\n\n\n\n<p>Un joven de 22 a\u00f1os, result\u00f3 con lesiones graves tras un ataque ocurrido ayer por la tarde, en un pasillo de <strong>French al 2000<\/strong>, en <strong>Barrio Industrial<\/strong>. La Polic\u00eda acudi\u00f3 tras un llamado a la <strong>Central de Emergencias del 911<\/strong>, por una persona con quemaduras. La v\u00edctima, en situaci\u00f3n de calle, fue asistida y trasladada al <strong>Hospital de Emergencias Clemente \u00c1lvarez<\/strong> (HECA). La investigaci\u00f3n apunta a la participaci\u00f3n de dos adolescentes, seg\u00fan testimonios recogidos en el lugar.<\/p>\n\n\n\n<p>Al arribar, efectivos ingresaron de forma pedestre por un pasillo ubicado al sur de <strong>French<\/strong>. All\u00ed encontraron a la v\u00edctima solicitando ayuda. La propietaria de una vivienda, de 42 a\u00f1os, declar\u00f3 que su hijo y un amigo, ambos de 13, habr\u00edan participado del hecho. Minutos despu\u00e9s se presentaron las madres de otros dos adolescentes que tambi\u00e9n habr\u00edan sido part\u00edcipes del hecho, reconociendo ambas que sus hijos estuvieron en el lugar.<\/p>\n\n\n\n<p>La Polic\u00eda tom\u00f3 entrevistas y realiz\u00f3 un relevamiento de la escena. Secuestr\u00f3 una botella y un encendedor, con cadena de custodia. Uno de los menores, neg\u00f3 haber iniciado el fuego y afirm\u00f3 que colabor\u00f3 para apagarlo junto a otros. La causa qued\u00f3 bajo intervenci\u00f3n del Fiscal de Menores, Ernesto Ducasse.<\/p>\n\n\n\n<p>El fiscal orden\u00f3 asentar las entrevistas que se\u00f1alan a los menores, como quienes habr\u00edan iniciado el fuego y, tras una nueva consulta, dispuso que estos queden al resguardo de las progenitoras, sin formaci\u00f3n de causa. No se informaron imputaciones al cierre de esta nota.<\/p>\n\n\n\n<p>En la misma jornada se registraron otros hechos de violencia en la ciudad: un hombre de 33 a\u00f1os fue apu\u00f1alado en <strong>Pje. 1846 al 4400<\/strong>; un joven de 20 result\u00f3 herido en <strong>Santa Mar\u00eda y Garibaldi<\/strong>; y un adolescente de 18 sufri\u00f3 una herida de arma de fuego en el pie en <strong>M\u00e9xico y Juan B. Justo<\/strong>. Estos \u00faltimos evolucionan favorablemente.<\/p>\n\n\n\n<p>Desde el <strong>HECA<\/strong> informaron que joven quemado ingres\u00f3 minutos antes del mediod\u00eda y contin\u00faa con pron\u00f3stico reservado mientras se completan estudios. La investigaci\u00f3n sigue en curso con actuaciones judiciales en tr\u00e1mite.<\/p>\n<div class=\"newspaper-x-tags\"><strong>TAGS: <\/strong><span><a href=\"https:\/\/www.rosarioalerta.com.ar\/site\/archivos\/tag\/noticias-de-rosario\" rel=\"tag\">Noticias de Rosario<\/a><\/span><a href=\"https:\/\/www.rosarioalerta.com.ar\/site\/archivos\/tag\/rosario\" rel=\"tag\">Rosario<\/a><\/span><a href=\"https:\/\/www.rosarioalerta.com.ar\/site\/archivos\/tag\/santa-fe\" rel=\"tag\">Santa Fe<\/a> <\/div>","protected":false},"excerpt":{"rendered":"<p>Ocurri\u00f3 anoche en una vivienda de pasillo de Barrio Industrial y los autores ser\u00edan menores Un joven de 22 a\u00f1os, result\u00f3 con lesiones graves tras un ataque ocurrido ayer por la tarde, en un pasillo de French al 2000, en Barrio Industrial. La Polic\u00eda acudi\u00f3 tras un llamado a la Central de Emergencias del 911, [&hellip;]<\/p>\n","protected":false},"author":2,"featured_media":29961,"comment_status":"open","ping_status":"open","sticky":false,"template":"","format":"standard","meta":{"_joinchat":[],"footnotes":""},"categories":[21,14],"tags":[95,55,65],"class_list":["post-29960","post","type-post","status-publish","format-standard","has-post-thumbnail","hentry","category-noticias","category-policiales","tag-noticias-de-rosario","tag-rosario","tag-santa-fe"],"_links":{"self":[{"href":"https:\/\/www.rosarioalerta.com.ar\/site\/wp-json\/wp\/v2\/posts\/29960","targetHints":{"allow":["GET"]}}],"collection":[{"href":"https:\/\/www.rosarioalerta.com.ar\/site\/wp-json\/wp\/v2\/posts"}],"about":[{"href":"https:\/\/www.rosarioalerta.com.ar\/site\/wp-json\/wp\/v2\/types\/post"}],"author":[{"embeddable":true,"href":"https:\/\/www.rosarioalerta.com.ar\/site\/wp-json\/wp\/v2\/users\/2"}],"replies":[{"embeddable":true,"href":"https:\/\/www.rosarioalerta.com.ar\/site\/wp-json\/wp\/v2\/comments?post=29960"}],"version-history":[{"count":1,"href":"https:\/\/www.rosarioalerta.com.ar\/site\/wp-json\/wp\/v2\/posts\/29960\/revisions"}],"predecessor-version":[{"id":29962,"href":"https:\/\/www.rosarioalerta.com.ar\/site\/wp-json\/wp\/v2\/posts\/29960\/revisions\/29962"}],"wp:featuredmedia":[{"embeddable":true,"href":"https:\/\/www.rosarioalerta.com.ar\/site\/wp-json\/wp\/v2\/media\/29961"}],"wp:attachment":[{"href":"https:\/\/www.rosarioalerta.com.ar\/site\/wp-json\/wp\/v2\/media?parent=29960"}],"wp:term":[{"taxonomy":"category","embeddable":true,"href":"https:\/\/www.rosarioalerta.com.ar\/site\/wp-json\/wp\/v2\/categories?post=29960"},{"taxonomy":"post_tag","embeddable":true,"href":"https:\/\/www.rosarioalerta.com.ar\/site\/wp-json\/wp\/v2\/tags?post=29960"}],"curies":[{"name":"wp","href":"https:\/\/api.w.org\/{rel}","templated":true}]}}