{"id":29939,"date":"2025-12-24T09:49:47","date_gmt":"2025-12-24T12:49:47","guid":{"rendered":"https:\/\/www.rosarioalerta.com.ar\/site\/?p=29939"},"modified":"2025-12-24T09:49:49","modified_gmt":"2025-12-24T12:49:49","slug":"otro-golpe-a-los-menores","status":"publish","type":"post","link":"https:\/\/www.rosarioalerta.com.ar\/site\/archivos\/29939","title":{"rendered":"Otro golpe a \u201cLos Menores\u201d"},"content":{"rendered":"\n<p>Cinco detenidos por narcotr\u00e1fico y violencia armada<\/p>\n\n\n\n<p>La Polic\u00eda Federal desarticul\u00f3 una c\u00e9lula criminal vinculada a balaceras y homicidios en barrios del oeste rosarino, en el marco del Plan Bandera.<\/p>\n\n\n\n<p>Cinco personas fueron detenidas en las \u00faltimas horas en Rosario durante el <strong>Operativo C\u00e9lula de Menores<\/strong>, un despliegue del <strong>Departamento Federal de Investigaciones<\/strong> (DFI) de la <strong>Polic\u00eda Federal Argentina<\/strong> que permiti\u00f3 desbaratar una c\u00e9lula de la banda narco conocida como \u201c<strong>Los Menores<\/strong>\u201d. La acci\u00f3n se realiz\u00f3 tras una investigaci\u00f3n iniciada en noviembre, por orden judicial, para frenar el microtr\u00e1fico y hechos de violencia armada asociados a la organizaci\u00f3n.<\/p>\n\n\n\n<p>Los arrestos se concretaron luego de 23 allanamientos simult\u00e1neos en distintos puntos de la ciudad. Los procedimientos se realizaron en viviendas ubicadas en los <strong>barrios<\/strong> <strong>S\u00faper Cemento, Fonavi de Rouill\u00f3n<\/strong> y <strong>Segu\u00ed<\/strong>. All\u00ed, los agentes detuvieron a <strong>tres hombres y dos mujeres<\/strong>, todos mayores de edad, uno de ellos de <strong>nacionalidad australiana<\/strong>.<\/p>\n\n\n\n<p>La causa se origin\u00f3 a partir de tareas de inteligencia de la <strong>Divisi\u00f3n Antidrogas Rosario<\/strong>. Seg\u00fan fuentes oficiales, la pesquisa apunt\u00f3 a actores vinculados tanto al comercio de estupefacientes como a balaceras y homicidios registrados en los \u00faltimos meses. Los investigadores establecieron que la banda operaba con una l\u00f3gica territorial, coordinando ataques armados para sostener puntos de venta de droga.<\/p>\n\n\n\n<p>Desde la <strong>Polic\u00eda Federal<\/strong> indicaron que el operativo se enmarca en el <strong>Plan Bandera<\/strong>, impulsado por el Ministerio de Seguridad Nacional. \u201cEl objetivo es reducir la capacidad operativa de organizaciones criminales que generan violencia en Rosario\u201d, se\u00f1alaron voceros del <strong>DFI<\/strong>. La investigaci\u00f3n cont\u00f3 con la intervenci\u00f3n del Equipo Transitorio de Violencia Altamente Lesiva y del Equipo de Microtr\u00e1fico del Ministerio P\u00fablico.<\/p>\n\n\n\n<p>Las actuaciones estuvieron a cargo de las fiscal\u00edas especializadas que trabajan sobre delitos complejos y narcotr\u00e1fico. La estructura investigada ya hab\u00eda sido mencionada en causas previas por enfrentamientos armados, aunque esta es la primera vez que se logra un golpe coordinado sobre su n\u00facleo operativo.<\/p>\n\n\n\n<p>Durante los allanamientos secuestraron plantas de marihuana, un arma de fuego, municiones de distintos calibres, 34 celulares, una notebook, un DVR, un veh\u00edculo y documentaci\u00f3n relevante.<\/p>\n\n\n\n<p>Los detenidos quedaron a disposici\u00f3n del juzgado interviniente por infracci\u00f3n a la Ley Nacional de Drogas 23.737. La causa contin\u00faa en etapa investigativa y no se descartan nuevas imputaciones.<\/p>\n<div class=\"newspaper-x-tags\"><strong>TAGS: <\/strong><span><a href=\"https:\/\/www.rosarioalerta.com.ar\/site\/archivos\/tag\/noticias-de-rosario\" rel=\"tag\">Noticias de Rosario<\/a><\/span><a href=\"https:\/\/www.rosarioalerta.com.ar\/site\/archivos\/tag\/rosario\" rel=\"tag\">Rosario<\/a><\/span><a href=\"https:\/\/www.rosarioalerta.com.ar\/site\/archivos\/tag\/santa-fe\" rel=\"tag\">Santa Fe<\/a> <\/div>","protected":false},"excerpt":{"rendered":"<p>Cinco detenidos por narcotr\u00e1fico y violencia armada La Polic\u00eda Federal desarticul\u00f3 una c\u00e9lula criminal vinculada a balaceras y homicidios en barrios del oeste rosarino, en el marco del Plan Bandera. Cinco personas fueron detenidas en las \u00faltimas horas en Rosario durante el Operativo C\u00e9lula de Menores, un despliegue del Departamento Federal de Investigaciones (DFI) de [&hellip;]<\/p>\n","protected":false},"author":2,"featured_media":29940,"comment_status":"open","ping_status":"open","sticky":false,"template":"","format":"standard","meta":{"_joinchat":[],"footnotes":""},"categories":[12,11,21,14],"tags":[95,55,65],"class_list":["post-29939","post","type-post","status-publish","format-standard","has-post-thumbnail","hentry","category-allanamientos","category-detenidos","category-noticias","category-policiales","tag-noticias-de-rosario","tag-rosario","tag-santa-fe"],"_links":{"self":[{"href":"https:\/\/www.rosarioalerta.com.ar\/site\/wp-json\/wp\/v2\/posts\/29939","targetHints":{"allow":["GET"]}}],"collection":[{"href":"https:\/\/www.rosarioalerta.com.ar\/site\/wp-json\/wp\/v2\/posts"}],"about":[{"href":"https:\/\/www.rosarioalerta.com.ar\/site\/wp-json\/wp\/v2\/types\/post"}],"author":[{"embeddable":true,"href":"https:\/\/www.rosarioalerta.com.ar\/site\/wp-json\/wp\/v2\/users\/2"}],"replies":[{"embeddable":true,"href":"https:\/\/www.rosarioalerta.com.ar\/site\/wp-json\/wp\/v2\/comments?post=29939"}],"version-history":[{"count":1,"href":"https:\/\/www.rosarioalerta.com.ar\/site\/wp-json\/wp\/v2\/posts\/29939\/revisions"}],"predecessor-version":[{"id":29941,"href":"https:\/\/www.rosarioalerta.com.ar\/site\/wp-json\/wp\/v2\/posts\/29939\/revisions\/29941"}],"wp:featuredmedia":[{"embeddable":true,"href":"https:\/\/www.rosarioalerta.com.ar\/site\/wp-json\/wp\/v2\/media\/29940"}],"wp:attachment":[{"href":"https:\/\/www.rosarioalerta.com.ar\/site\/wp-json\/wp\/v2\/media?parent=29939"}],"wp:term":[{"taxonomy":"category","embeddable":true,"href":"https:\/\/www.rosarioalerta.com.ar\/site\/wp-json\/wp\/v2\/categories?post=29939"},{"taxonomy":"post_tag","embeddable":true,"href":"https:\/\/www.rosarioalerta.com.ar\/site\/wp-json\/wp\/v2\/tags?post=29939"}],"curies":[{"name":"wp","href":"https:\/\/api.w.org\/{rel}","templated":true}]}}