{"id":29914,"date":"2025-12-23T09:17:05","date_gmt":"2025-12-23T12:17:05","guid":{"rendered":"https:\/\/www.rosarioalerta.com.ar\/site\/?p=29914"},"modified":"2025-12-23T09:21:54","modified_gmt":"2025-12-23T12:21:54","slug":"que-documentacion-exigen-los-controles-viales-en-rutas-santafesinas","status":"publish","type":"post","link":"https:\/\/www.rosarioalerta.com.ar\/site\/archivos\/29914","title":{"rendered":"Qu\u00e9 documentaci\u00f3n exigen los controles viales en rutas santafesinas"},"content":{"rendered":"\n<p>Operativo Verano en Santa Fe, durante fiestas y vacaciones<\/p>\n\n\n\n<p>La Provincia refuerza la seguridad vial ante el aumento del tr\u00e1nsito y detalla los requisitos obligatorios para circular sin sanciones. El Gobierno de Santa Fe puso en marcha el <strong>Operativo Verano<\/strong> con controles viales reforzados en rutas y accesos estrat\u00e9gicos de toda la provincia. La medida comenz\u00f3 en diciembre, se extiende durante las fiestas y la temporada de vacaciones, y busca prevenir siniestros viales, ordenar la circulaci\u00f3n y reducir conductas de riesgo ante el incremento del flujo vehicular.<\/p>\n\n\n\n<p>La <strong>Agencia Provincial de Seguridad Vial<\/strong> (APSV) coordina los operativos, que incluyen puestos fijos y m\u00f3viles, controles documentales, test de alcoholemia y fiscalizaci\u00f3n de velocidad. La acci\u00f3n se desarrolla en corredores con alta circulaci\u00f3n tur\u00edstica y zonas urbanas de ingreso y egreso.<\/p>\n\n\n\n<p>Desde el inicio del operativo, la <strong>APSV<\/strong> increment\u00f3 la presencia de agentes en rutas nacionales y provinciales del territorio santafesino. El refuerzo responde a un patr\u00f3n estacional: durante diciembre, enero y febrero se registra uno de los picos m\u00e1s altos de tr\u00e1nsito del a\u00f1o.<\/p>\n\n\n\n<p>Los controles se realizan de manera preventiva y continua, con especial atenci\u00f3n en horarios de mayor circulaci\u00f3n. Participan la Guardia Provincial de Seguridad Vial, fuerzas de seguridad y otros organismos estatales, bajo un esquema de trabajo conjunto.<\/p>\n\n\n\n<p>La <strong>APSV<\/strong> record\u00f3 que circular con la documentaci\u00f3n en regla es una condici\u00f3n b\u00e1sica para transitar. En los puestos de control se verifica de forma prioritaria:<\/p>\n\n\n\n<p><strong>DNI del conductor<\/strong><\/p>\n\n\n\n<p><strong>Licencia de conducir vigente en formato f\u00edsico, con domicilio coincidente con el DNI<\/strong><\/p>\n\n\n\n<p><strong>P\u00f3liza de seguro vigente<\/strong> (f\u00edsica o digital)<\/p>\n\n\n\n<p><strong>Tarjeta Verde del veh\u00edculo<\/strong><\/p>\n\n\n\n<p><strong>Revisi\u00f3n T\u00e9cnica Vehicular<\/strong> (RTO)<\/p>\n\n\n\n<p><strong>Matafuego vigente y balizas triangulares<\/strong><\/p>\n\n\n\n<p><strong>En veh\u00edculos con GNC, autorizaci\u00f3n correspondiente<\/strong><\/p>\n\n\n\n<p>La falta de estos elementos constituye una infracci\u00f3n y puede derivar en sanciones, seg\u00fan la normativa vigente.<\/p>\n\n\n\n<p>Adem\u00e1s de la documentaci\u00f3n, los operativos incluyen controles de uso del cintur\u00f3n de seguridad, casco en motociclistas, respeto de las velocidades m\u00e1ximas y alcoholemia cero. El exceso de velocidad es uno de los ejes centrales de fiscalizaci\u00f3n, por su impacto directo en la gravedad de los siniestros.<\/p>\n\n\n\n<p>La Provincia utiliza radares en puntos estrat\u00e9gicos con alta siniestralidad. La fiscalizaci\u00f3n electr\u00f3nica permite detectar infracciones y desalentar maniobras peligrosas. El listado de radares habilitados se encuentra disponible en el sitio oficial del Gobierno provincial.<\/p>\n\n\n\n<p>El secretario de la APSV, <strong>Carlos Torres<\/strong>, se\u00f1al\u00f3 que \u201clos controles buscan garantizar el cumplimiento de las normas, pero la seguridad vial depende del compromiso de todos\u201d. En la misma l\u00ednea, remarc\u00f3 la importancia de planificar los viajes y evitar conductas de riesgo.<\/p>\n\n\n\n<p>Por su parte, el director de Coordinaci\u00f3n Interjurisdiccional, <strong>Mauro Bertorino,<\/strong> indic\u00f3 que el Operativo Verano contempla m\u00e1s de 22 puestos fijos y m\u00f3viles a lo largo de la provincia, con presencia sostenida durante las fiestas y el receso estival.<\/p>\n\n\n\n<p>Los datos oficiales de 2024 muestran una reducci\u00f3n del 16,4 % en v\u00edctimas fatales respecto de 2023. La baja fue m\u00e1s marcada entre motociclistas y automovilistas, con descensos del 37 % y 22,8 %, respectivamente.<\/p>\n\n\n\n<p>En 2025, seg\u00fan el Observatorio Vial, al 30 de noviembre se registraron 277 fallecidos, frente a 321 en el mismo per\u00edodo del a\u00f1o anterior. La variaci\u00f3n interanual del 13,7 % confirma una tendencia descendente en la mortalidad vial en Santa Fe.<\/p>\n\n\n\n<p>El Operativo Verano contin\u00faa activo en toda la provincia. Desde la APSV recomiendan revisar el estado mec\u00e1nico del veh\u00edculo, descansar antes de viajar y respetar las normas de tr\u00e1nsito. Ante emergencias en rutas provinciales, est\u00e1 disponible el 911 las 24 horas.<\/p>\n<div class=\"newspaper-x-tags\"><strong>TAGS: <\/strong><span><a href=\"https:\/\/www.rosarioalerta.com.ar\/site\/archivos\/tag\/agencia-provincial-de-seguridad-vial-apsv\" rel=\"tag\">Agencia Provincial de Seguridad Vial (APSV)<\/a><\/span><a href=\"https:\/\/www.rosarioalerta.com.ar\/site\/archivos\/tag\/noticias-de-rosario\" rel=\"tag\">Noticias de Rosario<\/a><\/span><a href=\"https:\/\/www.rosarioalerta.com.ar\/site\/archivos\/tag\/operativo-verano\" rel=\"tag\">Operativo Verano<\/a><\/span><a href=\"https:\/\/www.rosarioalerta.com.ar\/site\/archivos\/tag\/rosario\" rel=\"tag\">Rosario<\/a><\/span><a href=\"https:\/\/www.rosarioalerta.com.ar\/site\/archivos\/tag\/santa-fe\" rel=\"tag\">Santa Fe<\/a> <\/div>","protected":false},"excerpt":{"rendered":"<p>Operativo Verano en Santa Fe, durante fiestas y vacaciones La Provincia refuerza la seguridad vial ante el aumento del tr\u00e1nsito y detalla los requisitos obligatorios para circular sin sanciones. El Gobierno de Santa Fe puso en marcha el Operativo Verano con controles viales reforzados en rutas y accesos estrat\u00e9gicos de toda la provincia. La medida [&hellip;]<\/p>\n","protected":false},"author":2,"featured_media":29916,"comment_status":"open","ping_status":"open","sticky":false,"template":"","format":"standard","meta":{"_joinchat":[],"footnotes":""},"categories":[18,21,14,19],"tags":[1500,95,1145,55,65],"class_list":["post-29914","post","type-post","status-publish","format-standard","has-post-thumbnail","hentry","category-institucional","category-noticias","category-policiales","category-seguridad-vial","tag-agencia-provincial-de-seguridad-vial-apsv","tag-noticias-de-rosario","tag-operativo-verano","tag-rosario","tag-santa-fe"],"_links":{"self":[{"href":"https:\/\/www.rosarioalerta.com.ar\/site\/wp-json\/wp\/v2\/posts\/29914","targetHints":{"allow":["GET"]}}],"collection":[{"href":"https:\/\/www.rosarioalerta.com.ar\/site\/wp-json\/wp\/v2\/posts"}],"about":[{"href":"https:\/\/www.rosarioalerta.com.ar\/site\/wp-json\/wp\/v2\/types\/post"}],"author":[{"embeddable":true,"href":"https:\/\/www.rosarioalerta.com.ar\/site\/wp-json\/wp\/v2\/users\/2"}],"replies":[{"embeddable":true,"href":"https:\/\/www.rosarioalerta.com.ar\/site\/wp-json\/wp\/v2\/comments?post=29914"}],"version-history":[{"count":1,"href":"https:\/\/www.rosarioalerta.com.ar\/site\/wp-json\/wp\/v2\/posts\/29914\/revisions"}],"predecessor-version":[{"id":29915,"href":"https:\/\/www.rosarioalerta.com.ar\/site\/wp-json\/wp\/v2\/posts\/29914\/revisions\/29915"}],"wp:featuredmedia":[{"embeddable":true,"href":"https:\/\/www.rosarioalerta.com.ar\/site\/wp-json\/wp\/v2\/media\/29916"}],"wp:attachment":[{"href":"https:\/\/www.rosarioalerta.com.ar\/site\/wp-json\/wp\/v2\/media?parent=29914"}],"wp:term":[{"taxonomy":"category","embeddable":true,"href":"https:\/\/www.rosarioalerta.com.ar\/site\/wp-json\/wp\/v2\/categories?post=29914"},{"taxonomy":"post_tag","embeddable":true,"href":"https:\/\/www.rosarioalerta.com.ar\/site\/wp-json\/wp\/v2\/tags?post=29914"}],"curies":[{"name":"wp","href":"https:\/\/api.w.org\/{rel}","templated":true}]}}