{"id":29705,"date":"2025-12-12T13:44:45","date_gmt":"2025-12-12T16:44:45","guid":{"rendered":"https:\/\/www.rosarioalerta.com.ar\/site\/?p=29705"},"modified":"2025-12-12T13:44:48","modified_gmt":"2025-12-12T16:44:48","slug":"operativo-de-seguridad-por-el-recital-de-la-renga","status":"publish","type":"post","link":"https:\/\/www.rosarioalerta.com.ar\/site\/archivos\/29705","title":{"rendered":"Operativo de seguridad por el recital de La Renga"},"content":{"rendered":"\n<p>El dispositivo se desplegar\u00e1 este s\u00e1bado con 400 agentes y un esquema especial de tr\u00e1nsito, desv\u00edos y controles<\/p>\n\n\n\n<p>La <strong>Municipalidad de Rosario y el Gobierno de Santa Fe<\/strong> anunciaron que este s\u00e1bado se realizar\u00e1 un operativo especial de tr\u00e1nsito y seguridad por el recital de <strong>La Renga<\/strong>, programado para las 21 en el <strong>Aut\u00f3dromo Municipal Juan Manuel Fangio<\/strong>. El dispositivo comenzar\u00e1 a las 14 y se extender\u00e1 hasta las 2 del domingo, debido a la llegada anticipada de p\u00fablico y a la magnitud del evento.<\/p>\n\n\n\n<p>El esquema contempla la participaci\u00f3n de <strong>150 agentes municipales<\/strong> de la Secretar\u00eda de Control y <strong>250 efectivos policiales<\/strong> de la Unidad Regional II. La expectativa de asistencia, estimada <strong>entre 35.000 y 40.000 personas<\/strong>, motiv\u00f3 una coordinaci\u00f3n previa entre \u00e1reas de seguridad provincial, municipal y policial.<\/p>\n\n\n\n<p>El secretario de Control municipal, <strong>Diego Herrera<\/strong>, explic\u00f3 que desde las 6 del s\u00e1bado habr\u00e1 un corte parcial en avenida Newbery: \u201cUna mano quedar\u00e1 inhabilitada y la otra funcionar\u00e1 en doble sentido\u201d, se\u00f1al\u00f3. El resto de los cortes se implementar\u00e1 hacia el mediod\u00eda en el per\u00edmetro del Aut\u00f3dromo.<\/p>\n\n\n\n<p>Para los vecinos de los barrios cercanos se dispuso un sistema de pulseras y mapas con rutas alternativas. <strong>Herrera<\/strong> indic\u00f3 que los accesos recomendados son <strong>Baigorria, Garc\u00eda del Cosio, Palos Verdes, Milicianos, Juan Jos\u00e9 Paso, La Rep\u00fablica y Malavia<\/strong>, evitando en lo posible <strong>Newbery<\/strong>.<\/p>\n\n\n\n<p>Las primeras modificaciones en la zona comenzaron el viernes, con la instalaci\u00f3n de vallados y portones de control destinados a ordenar el ingreso del p\u00fablico y permitir el desplazamiento de residentes.<\/p>\n\n\n\n<p>El coordinador provincial de Seguridad en Eventos Masivos, <strong>Gustavo Vel\u00e1zquez, <\/strong>destac\u00f3 el trabajo conjunto previo: \u201cHace tiempo venimos realizando reuniones con la Unidad Regional II, el Ministerio de Justicia y Seguridad y la Municipalidad. Queremos un evento organizado, seguro y compatible con otras actividades\u201d, afirm\u00f3.<\/p>\n\n\n\n<p><strong>Vel\u00e1zquez<\/strong> se\u00f1al\u00f3 que el operativo en el \u00e1rea del <strong>Aut\u00f3dromo<\/strong> se activar\u00e1 formalmente a las 14, aunque el anillo de seguridad ya est\u00e1 delimitado. Tambi\u00e9n resalt\u00f3 que se mantuvieron encuentros con responsables de salones y comercios afectados por la afluencia de p\u00fablico.<\/p>\n\n\n\n<p>Las autoridades remarcaron que el objetivo central es garantizar la prevenci\u00f3n, la convivencia con los barrios linderos y el normal desarrollo de uno de los recitales m\u00e1s convocantes del a\u00f1o en Rosario. El operativo permanecer\u00e1 activo hasta el descongestionamiento total de la zona.<\/p>\n<div class=\"newspaper-x-tags\"><strong>TAGS: <\/strong><span><a href=\"https:\/\/www.rosarioalerta.com.ar\/site\/archivos\/tag\/autodromo-municipal-juan-manuel-fangio\" rel=\"tag\">Aut\u00f3dromo Municipal Juan Manuel Fangio<\/a><\/span><a href=\"https:\/\/www.rosarioalerta.com.ar\/site\/archivos\/tag\/la-renga\" rel=\"tag\">La Renga<\/a><\/span><a href=\"https:\/\/www.rosarioalerta.com.ar\/site\/archivos\/tag\/la-renga-en-rosario\" rel=\"tag\">La Renga en Rosario<\/a><\/span><a href=\"https:\/\/www.rosarioalerta.com.ar\/site\/archivos\/tag\/noticias-de-rosario\" rel=\"tag\">Noticias de Rosario<\/a><\/span><a href=\"https:\/\/www.rosarioalerta.com.ar\/site\/archivos\/tag\/rosario\" rel=\"tag\">Rosario<\/a><\/span><a href=\"https:\/\/www.rosarioalerta.com.ar\/site\/archivos\/tag\/santa-fe\" rel=\"tag\">Santa Fe<\/a> <\/div>","protected":false},"excerpt":{"rendered":"<p>El dispositivo se desplegar\u00e1 este s\u00e1bado con 400 agentes y un esquema especial de tr\u00e1nsito, desv\u00edos y controles La Municipalidad de Rosario y el Gobierno de Santa Fe anunciaron que este s\u00e1bado se realizar\u00e1 un operativo especial de tr\u00e1nsito y seguridad por el recital de La Renga, programado para las 21 en el Aut\u00f3dromo Municipal [&hellip;]<\/p>\n","protected":false},"author":2,"featured_media":29706,"comment_status":"open","ping_status":"open","sticky":false,"template":"","format":"standard","meta":{"_joinchat":[],"footnotes":""},"categories":[18,21,19],"tags":[1899,1897,1898,95,55,65],"class_list":["post-29705","post","type-post","status-publish","format-standard","has-post-thumbnail","hentry","category-institucional","category-noticias","category-seguridad-vial","tag-autodromo-municipal-juan-manuel-fangio","tag-la-renga","tag-la-renga-en-rosario","tag-noticias-de-rosario","tag-rosario","tag-santa-fe"],"_links":{"self":[{"href":"https:\/\/www.rosarioalerta.com.ar\/site\/wp-json\/wp\/v2\/posts\/29705","targetHints":{"allow":["GET"]}}],"collection":[{"href":"https:\/\/www.rosarioalerta.com.ar\/site\/wp-json\/wp\/v2\/posts"}],"about":[{"href":"https:\/\/www.rosarioalerta.com.ar\/site\/wp-json\/wp\/v2\/types\/post"}],"author":[{"embeddable":true,"href":"https:\/\/www.rosarioalerta.com.ar\/site\/wp-json\/wp\/v2\/users\/2"}],"replies":[{"embeddable":true,"href":"https:\/\/www.rosarioalerta.com.ar\/site\/wp-json\/wp\/v2\/comments?post=29705"}],"version-history":[{"count":1,"href":"https:\/\/www.rosarioalerta.com.ar\/site\/wp-json\/wp\/v2\/posts\/29705\/revisions"}],"predecessor-version":[{"id":29707,"href":"https:\/\/www.rosarioalerta.com.ar\/site\/wp-json\/wp\/v2\/posts\/29705\/revisions\/29707"}],"wp:featuredmedia":[{"embeddable":true,"href":"https:\/\/www.rosarioalerta.com.ar\/site\/wp-json\/wp\/v2\/media\/29706"}],"wp:attachment":[{"href":"https:\/\/www.rosarioalerta.com.ar\/site\/wp-json\/wp\/v2\/media?parent=29705"}],"wp:term":[{"taxonomy":"category","embeddable":true,"href":"https:\/\/www.rosarioalerta.com.ar\/site\/wp-json\/wp\/v2\/categories?post=29705"},{"taxonomy":"post_tag","embeddable":true,"href":"https:\/\/www.rosarioalerta.com.ar\/site\/wp-json\/wp\/v2\/tags?post=29705"}],"curies":[{"name":"wp","href":"https:\/\/api.w.org\/{rel}","templated":true}]}}