{"id":29546,"date":"2025-12-06T00:39:10","date_gmt":"2025-12-06T03:39:10","guid":{"rendered":"https:\/\/www.rosarioalerta.com.ar\/site\/?p=29546"},"modified":"2025-12-06T00:39:14","modified_gmt":"2025-12-06T03:39:14","slug":"plan-bandera-pullaro-y-cococcioni-se-reunieron-con-monteoliva","status":"publish","type":"post","link":"https:\/\/www.rosarioalerta.com.ar\/site\/archivos\/29546","title":{"rendered":"Plan Bandera: Pullaro y Cococcioni se reunieron con Monteoliva"},"content":{"rendered":"\n<p>Autoridades provinciales y nacionales mantuvieron en Rosario una reuni\u00f3n de coordinaci\u00f3n para fortalecer el trabajo conjunto en seguridad dentro del Plan Bandera<\/p>\n\n\n\n<p>Este viernes, en la Sede de Gobierno de Rosario, el gobernador <strong>Maximiliano Pullaro<\/strong>, el ministro de Justicia y Seguridad de Santa Fe <strong>Pablo Cococcioni<\/strong> y la nueva ministra de Seguridad de la Naci\u00f3n <strong>Alejandra Monteoliva<\/strong> se reunieron para analizar y coordinar acciones del <strong>Plan Bandera<\/strong>, el programa de trabajo conjunto entre fuerzas provinciales y federales vigente desde hace dos a\u00f1os. El encuentro se realiz\u00f3 para revisar resultados y definir c\u00f3mo continuar el despliegue en el territorio.<\/p>\n\n\n\n<p>La reuni\u00f3n tuvo lugar por la tarde y coincidi\u00f3 con la primera visita oficial de <strong>Monteoliva<\/strong> a Rosario tras asumir como ministra en reemplazo de <strong>Patricia Bullrich<\/strong>.<br>Los funcionarios repasaron operativos, articulaci\u00f3n de equipos y prioridades para el pr\u00f3ximo per\u00edodo, seg\u00fan informaron tras el encuentro.<\/p>\n\n\n\n<p><strong>Monteoliva<\/strong> destac\u00f3 que el <strong>Plan Bandera<\/strong> se consolida como un eje central de la pol\u00edtica nacional en materia de seguridad y afirm\u00f3 que la coordinaci\u00f3n con Santa Fe continuar\u00e1 fortaleci\u00e9ndose.<\/p>\n\n\n\n<p>Durante el encuentro se revisaron indicadores de violencia, presencia en territorio y avances en operativos conjuntos.<br>Seg\u00fan se\u00f1alaron las autoridades, los \u00faltimos dos a\u00f1os permitieron consolidar procedimientos coordinados entre fuerzas federales y provinciales, con foco especial en Rosario.<\/p>\n\n\n\n<p>Tambi\u00e9n se analizaron nuevas l\u00edneas de intervenci\u00f3n y el refuerzo de equipos especializados para sostener la reducci\u00f3n de hechos violentos registrada en los \u00faltimos meses.<\/p>\n\n\n\n<p><strong>Monteoliva<\/strong> expres\u00f3 que \u201cel Plan Bandera es una prioridad y Naci\u00f3n se suma d\u00eda a d\u00eda al esfuerzo de la Provincia\u201d.<br><strong>Cococcioni<\/strong>, por su parte, valor\u00f3 el trabajo previo realizado junto a la nueva ministra y destac\u00f3 su participaci\u00f3n en las acciones que permitieron disminuir los niveles de violencia desde 2023.<\/p>\n\n\n\n<p>El ministro remarc\u00f3 que <strong>Monteoliva<\/strong> \u201ces una persona preparada y parte fundamental de los resultados alcanzados en Rosario\u201d.<\/p>\n\n\n\n<p>El <strong>Plan Bandera<\/strong> fue implementado para reforzar la presencia estatal y mejorar la coordinaci\u00f3n entre fuerzas federales y provinciales.<br>La primera etapa del programa se puso en marcha hace dos a\u00f1os, en un contexto de altos \u00edndices de violencia urbana.<\/p>\n\n\n\n<p>La continuidad del plan fue ratificada tanto por la Naci\u00f3n como por la Provincia, con una agenda com\u00fan orientada a consolidar operativos y fortalecer la prevenci\u00f3n.<\/p>\n\n\n\n<p>La reuni\u00f3n cont\u00f3 tambi\u00e9n con la participaci\u00f3n de funcionarios de ambas jurisdicciones, quienes seguir\u00e1n trabajando en mesas t\u00e9cnicas.<br>Las autoridades confirmaron que el despliegue conjunto continuar\u00e1 y que se incorporar\u00e1n nuevos mecanismos de seguimiento y evaluaci\u00f3n durante 2026.<\/p>\n<div class=\"newspaper-x-tags\"><strong>TAGS: <\/strong><span><a href=\"https:\/\/www.rosarioalerta.com.ar\/site\/archivos\/tag\/alejandra-monteoliva\" rel=\"tag\">Alejandra Monteoliva<\/a><\/span><a href=\"https:\/\/www.rosarioalerta.com.ar\/site\/archivos\/tag\/maximiliano-pullaro\" rel=\"tag\">Maximiliano Pullaro<\/a><\/span><a href=\"https:\/\/www.rosarioalerta.com.ar\/site\/archivos\/tag\/noticias-de-rosario\" rel=\"tag\">Noticias de Rosario<\/a><\/span><a href=\"https:\/\/www.rosarioalerta.com.ar\/site\/archivos\/tag\/pablo-cococcioni\" rel=\"tag\">Pablo Cococcioni<\/a><\/span><a href=\"https:\/\/www.rosarioalerta.com.ar\/site\/archivos\/tag\/plan-bandera\" rel=\"tag\">Plan Bandera<\/a><\/span><a href=\"https:\/\/www.rosarioalerta.com.ar\/site\/archivos\/tag\/rosario\" rel=\"tag\">Rosario<\/a><\/span><a href=\"https:\/\/www.rosarioalerta.com.ar\/site\/archivos\/tag\/santa-fe\" rel=\"tag\">Santa Fe<\/a> <\/div>","protected":false},"excerpt":{"rendered":"<p>Autoridades provinciales y nacionales mantuvieron en Rosario una reuni\u00f3n de coordinaci\u00f3n para fortalecer el trabajo conjunto en seguridad dentro del Plan Bandera Este viernes, en la Sede de Gobierno de Rosario, el gobernador Maximiliano Pullaro, el ministro de Justicia y Seguridad de Santa Fe Pablo Cococcioni y la nueva ministra de Seguridad de la Naci\u00f3n [&hellip;]<\/p>\n","protected":false},"author":2,"featured_media":29547,"comment_status":"open","ping_status":"open","sticky":false,"template":"","format":"standard","meta":{"_joinchat":[],"footnotes":""},"categories":[18,21],"tags":[1881,1094,95,611,529,55,65],"class_list":["post-29546","post","type-post","status-publish","format-standard","has-post-thumbnail","hentry","category-institucional","category-noticias","tag-alejandra-monteoliva","tag-maximiliano-pullaro","tag-noticias-de-rosario","tag-pablo-cococcioni","tag-plan-bandera","tag-rosario","tag-santa-fe"],"_links":{"self":[{"href":"https:\/\/www.rosarioalerta.com.ar\/site\/wp-json\/wp\/v2\/posts\/29546","targetHints":{"allow":["GET"]}}],"collection":[{"href":"https:\/\/www.rosarioalerta.com.ar\/site\/wp-json\/wp\/v2\/posts"}],"about":[{"href":"https:\/\/www.rosarioalerta.com.ar\/site\/wp-json\/wp\/v2\/types\/post"}],"author":[{"embeddable":true,"href":"https:\/\/www.rosarioalerta.com.ar\/site\/wp-json\/wp\/v2\/users\/2"}],"replies":[{"embeddable":true,"href":"https:\/\/www.rosarioalerta.com.ar\/site\/wp-json\/wp\/v2\/comments?post=29546"}],"version-history":[{"count":1,"href":"https:\/\/www.rosarioalerta.com.ar\/site\/wp-json\/wp\/v2\/posts\/29546\/revisions"}],"predecessor-version":[{"id":29548,"href":"https:\/\/www.rosarioalerta.com.ar\/site\/wp-json\/wp\/v2\/posts\/29546\/revisions\/29548"}],"wp:featuredmedia":[{"embeddable":true,"href":"https:\/\/www.rosarioalerta.com.ar\/site\/wp-json\/wp\/v2\/media\/29547"}],"wp:attachment":[{"href":"https:\/\/www.rosarioalerta.com.ar\/site\/wp-json\/wp\/v2\/media?parent=29546"}],"wp:term":[{"taxonomy":"category","embeddable":true,"href":"https:\/\/www.rosarioalerta.com.ar\/site\/wp-json\/wp\/v2\/categories?post=29546"},{"taxonomy":"post_tag","embeddable":true,"href":"https:\/\/www.rosarioalerta.com.ar\/site\/wp-json\/wp\/v2\/tags?post=29546"}],"curies":[{"name":"wp","href":"https:\/\/api.w.org\/{rel}","templated":true}]}}