{"id":29534,"date":"2025-12-05T16:49:47","date_gmt":"2025-12-05T19:49:47","guid":{"rendered":"https:\/\/www.rosarioalerta.com.ar\/site\/?p=29534"},"modified":"2025-12-05T16:49:49","modified_gmt":"2025-12-05T19:49:49","slug":"vranicich-y-monteoliva-juntas-en-rosario","status":"publish","type":"post","link":"https:\/\/www.rosarioalerta.com.ar\/site\/archivos\/29534","title":{"rendered":"Vranicich y Monteoliva juntas en Rosario"},"content":{"rendered":"\n<h1 class=\"wp-block-heading\"><\/h1>\n\n\n\n<h1 class=\"wp-block-heading\"><strong>La Fiscal General de Santa Fe y la ministra de Seguridad de la Naci\u00f3n coordinaron tareas a seguir<\/strong><\/h1>\n\n\n\n<p>La <strong>Fiscal General del MPA, Mar\u00eda Cecilia Vranicich<\/strong>, mantuvo este <strong>viernes<\/strong> una reuni\u00f3n de trabajo con la <strong>ministra de Seguridad de la Naci\u00f3n, Alejandra Monteoliva<\/strong>, en <strong>Rosario<\/strong>. El encuentro se realiz\u00f3 en el marco de la visita oficial de la funcionaria nacional y tuvo como objetivo fortalecer la articulaci\u00f3n entre ambas instituciones. La reuni\u00f3n se desarroll\u00f3 dentro de la agenda conjunta que se impulsa desde el inicio de la actual gesti\u00f3n nacional.<\/p>\n\n\n\n<p>La reuni\u00f3n tuvo lugar durante la visita que <strong>Monteoliva<\/strong> realiz\u00f3 a la ciudad para avanzar en temas de coordinaci\u00f3n operativa y en el seguimiento de acciones que involucran a organismos nacionales y provinciales.<br>Seg\u00fan fuentes del MPA, la conversaci\u00f3n se centr\u00f3 en evaluar los resultados del trabajo articulado y en definir l\u00edneas de acci\u00f3n para pr\u00f3ximas etapas.<\/p>\n\n\n\n<p><strong>Vranicich y Monteoliva<\/strong> coincidieron en la importancia de sostener el esquema de cooperaci\u00f3n que, seg\u00fan destacaron, ha permitido mejorar procesos y fortalecer intervenciones en materia de seguridad.<br>Ambas autoridades remarcaron que la continuidad de esta articulaci\u00f3n es clave para abordar problem\u00e1ticas que requieren coordinaci\u00f3n entre distintos niveles del Estado.<\/p>\n\n\n\n<p>La Fiscal General afirm\u00f3 que <em>\u201clos Ministerios P\u00fablicos Fiscales deben trabajar coordinadamente con los dem\u00e1s poderes del Estado, de los distintos niveles, fundamentalmente con los ministerios de Seguridad, tanto de Naci\u00f3n como de Provincia\u201d<\/em>.<br>Agreg\u00f3 que esta l\u00f3gica de trabajo conjunto \u201cse viene consolidando\u201d y que la intenci\u00f3n es profundizarla.<\/p>\n\n\n\n<p>Desde el inicio de la gesti\u00f3n actual en Seguridad nacional, el MPA y el Ministerio han desarrollado acciones conjuntas vinculadas a investigaciones complejas y a la implementaci\u00f3n de dispositivos de apoyo operativo.<br>En los \u00faltimos meses, esta cooperaci\u00f3n se tradujo en reuniones t\u00e9cnicas y operativas destinadas a mejorar la respuesta institucional.<\/p>\n\n\n\n<p>Tras el encuentro, ambas autoridades ratificaron la continuidad del trabajo conjunto y acordaron nuevas instancias de coordinaci\u00f3n. Las acciones se incorporar\u00e1n a la agenda com\u00fan definida para los pr\u00f3ximos meses.<\/p>\n<div class=\"newspaper-x-tags\"><strong>TAGS: <\/strong><span><a href=\"https:\/\/www.rosarioalerta.com.ar\/site\/archivos\/tag\/alejandra-monteoliva\" rel=\"tag\">Alejandra Monteoliva<\/a><\/span><a href=\"https:\/\/www.rosarioalerta.com.ar\/site\/archivos\/tag\/maria-cecilia-vranicich\" rel=\"tag\">Mar\u00eda Cecilia Vranicich<\/a><\/span><a href=\"https:\/\/www.rosarioalerta.com.ar\/site\/archivos\/tag\/noticias-de-rosario\" rel=\"tag\">Noticias de Rosario<\/a><\/span><a href=\"https:\/\/www.rosarioalerta.com.ar\/site\/archivos\/tag\/rosario\" rel=\"tag\">Rosario<\/a><\/span><a href=\"https:\/\/www.rosarioalerta.com.ar\/site\/archivos\/tag\/santa-fe\" rel=\"tag\">Santa Fe<\/a> <\/div>","protected":false},"excerpt":{"rendered":"<p>La Fiscal General de Santa Fe y la ministra de Seguridad de la Naci\u00f3n coordinaron tareas a seguir La Fiscal General del MPA, Mar\u00eda Cecilia Vranicich, mantuvo este viernes una reuni\u00f3n de trabajo con la ministra de Seguridad de la Naci\u00f3n, Alejandra Monteoliva, en Rosario. El encuentro se realiz\u00f3 en el marco de la visita [&hellip;]<\/p>\n","protected":false},"author":2,"featured_media":29535,"comment_status":"open","ping_status":"open","sticky":false,"template":"","format":"standard","meta":{"_joinchat":[],"footnotes":""},"categories":[18,21],"tags":[1881,1880,95,55,65],"class_list":["post-29534","post","type-post","status-publish","format-standard","has-post-thumbnail","hentry","category-institucional","category-noticias","tag-alejandra-monteoliva","tag-maria-cecilia-vranicich","tag-noticias-de-rosario","tag-rosario","tag-santa-fe"],"_links":{"self":[{"href":"https:\/\/www.rosarioalerta.com.ar\/site\/wp-json\/wp\/v2\/posts\/29534","targetHints":{"allow":["GET"]}}],"collection":[{"href":"https:\/\/www.rosarioalerta.com.ar\/site\/wp-json\/wp\/v2\/posts"}],"about":[{"href":"https:\/\/www.rosarioalerta.com.ar\/site\/wp-json\/wp\/v2\/types\/post"}],"author":[{"embeddable":true,"href":"https:\/\/www.rosarioalerta.com.ar\/site\/wp-json\/wp\/v2\/users\/2"}],"replies":[{"embeddable":true,"href":"https:\/\/www.rosarioalerta.com.ar\/site\/wp-json\/wp\/v2\/comments?post=29534"}],"version-history":[{"count":1,"href":"https:\/\/www.rosarioalerta.com.ar\/site\/wp-json\/wp\/v2\/posts\/29534\/revisions"}],"predecessor-version":[{"id":29536,"href":"https:\/\/www.rosarioalerta.com.ar\/site\/wp-json\/wp\/v2\/posts\/29534\/revisions\/29536"}],"wp:featuredmedia":[{"embeddable":true,"href":"https:\/\/www.rosarioalerta.com.ar\/site\/wp-json\/wp\/v2\/media\/29535"}],"wp:attachment":[{"href":"https:\/\/www.rosarioalerta.com.ar\/site\/wp-json\/wp\/v2\/media?parent=29534"}],"wp:term":[{"taxonomy":"category","embeddable":true,"href":"https:\/\/www.rosarioalerta.com.ar\/site\/wp-json\/wp\/v2\/categories?post=29534"},{"taxonomy":"post_tag","embeddable":true,"href":"https:\/\/www.rosarioalerta.com.ar\/site\/wp-json\/wp\/v2\/tags?post=29534"}],"curies":[{"name":"wp","href":"https:\/\/api.w.org\/{rel}","templated":true}]}}