{"id":29518,"date":"2025-12-05T12:19:37","date_gmt":"2025-12-05T15:19:37","guid":{"rendered":"https:\/\/www.rosarioalerta.com.ar\/site\/?p=29518"},"modified":"2025-12-05T12:19:49","modified_gmt":"2025-12-05T15:19:49","slug":"controles-en-rutas-por-el-fin-de-semana-largo","status":"publish","type":"post","link":"https:\/\/www.rosarioalerta.com.ar\/site\/archivos\/29518","title":{"rendered":"Controles en rutas por el fin de semana largo"},"content":{"rendered":"\n<h1 class=\"wp-block-heading\"><\/h1>\n\n\n\n<p>La APSV intensifica desde este viernes los operativos viales<\/p>\n\n\n\n<p>La <strong>Agencia Provincial de Seguridad Vial<\/strong> (APSV) inici\u00f3 este <strong>viernes<\/strong> un refuerzo de <strong>controles en rutas de Santa Fe<\/strong> para el <strong>fin de semana largo<\/strong>, con operativos desarrollados junto a la <strong>Guardia Provincial<\/strong>. La medida se implementa para <strong>prevenir siniestros<\/strong> ante el incremento previsto de la circulaci\u00f3n, y se realiza mediante <strong>puestos fijos, patrullajes y fiscalizaci\u00f3n electr\u00f3nica<\/strong>, seg\u00fan inform\u00f3 el organismo.<\/p>\n\n\n\n<p>Los operativos comenzaron en los accesos a las principales ciudades y en los corredores tur\u00edsticos. Los agentes supervisan velocidad, uso del cintur\u00f3n, documentaci\u00f3n obligatoria y maniobras riesgosas. Tambi\u00e9n se realizan pruebas de alcoholemia y controles a motociclistas.<\/p>\n\n\n\n<p>La <strong>APSV<\/strong> anticip\u00f3 que los dispositivos se mantendr\u00e1n <strong>hasta el lunes<\/strong>, con una cobertura que incluye rutas nacionales y provinciales donde se espera un movimiento sostenido de veh\u00edculos.<\/p>\n\n\n\n<p>La <strong>Guardia Provincial de Seguridad Vial<\/strong> coordina patrullajes preventivos y tareas de seguimiento mediante c\u00e1maras y radares. Se colocaron puntos de fiscalizaci\u00f3n en zonas de alta siniestralidad y en tramos donde se registran comportamientos imprudentes como exceso de velocidad o sobrepasos indebidos.<\/p>\n\n\n\n<p>Las autoridades remarcaron que todas las actuaciones se documentan y se aplican sanciones cuando corresponde.<\/p>\n\n\n\n<p>El secretario de la APSV, <strong>Carlos Torres<\/strong>, explic\u00f3 que los operativos se refuerzan \u201cpara garantizar la seguridad de quienes transitan\u201d, y destac\u00f3 que la pol\u00edtica preventiva \u201csostiene resultados positivos con una baja interanual del 13,7 % en la mortalidad vial\u201d.<\/p>\n\n\n\n<p>Por su parte, <strong>Mauro Bertorino<\/strong>, director de Coordinaci\u00f3n Interjurisdiccional, se\u00f1al\u00f3 que la Guardia Provincial \u201ctiene instrucciones precisas de monitorear el tr\u00e1nsito para que todos viajen tranquilos y seguros\u201d.<\/p>\n\n\n\n<p>En 2024, las v\u00edctimas fatales en siniestros viales descendieron de 439 a 367, una reducci\u00f3n del 16,4 %. Entre motociclistas, la baja alcanz\u00f3 el 37 %. En lo que va de 2025, el Observatorio Vial registr\u00f3 277 fallecidos, cifra inferior a los 321 del mismo periodo del a\u00f1o anterior.<\/p>\n\n\n\n<p>Las autoridades provinciales atribuyen la tendencia descendente a los controles, la radarizaci\u00f3n y las campa\u00f1as de prevenci\u00f3n.<\/p>\n\n\n\n<p>Los operativos continuar\u00e1n durante todo el fin de semana largo. La APSV insisti\u00f3 en que el cumplimiento de normas, el descanso adecuado y la revisi\u00f3n del veh\u00edculo son claves para un traslado seguro.<\/p>\n<div class=\"newspaper-x-tags\"><strong>TAGS: <\/strong><span><a href=\"https:\/\/www.rosarioalerta.com.ar\/site\/archivos\/tag\/noticias-de-rosario\" rel=\"tag\">Noticias de Rosario<\/a><\/span><a href=\"https:\/\/www.rosarioalerta.com.ar\/site\/archivos\/tag\/rosario\" rel=\"tag\">Rosario<\/a><\/span><a href=\"https:\/\/www.rosarioalerta.com.ar\/site\/archivos\/tag\/santa-fe\" rel=\"tag\">Santa Fe<\/a> <\/div>","protected":false},"excerpt":{"rendered":"<p>La APSV intensifica desde este viernes los operativos viales La Agencia Provincial de Seguridad Vial (APSV) inici\u00f3 este viernes un refuerzo de controles en rutas de Santa Fe para el fin de semana largo, con operativos desarrollados junto a la Guardia Provincial. La medida se implementa para prevenir siniestros ante el incremento previsto de la [&hellip;]<\/p>\n","protected":false},"author":2,"featured_media":29519,"comment_status":"open","ping_status":"open","sticky":false,"template":"","format":"standard","meta":{"_joinchat":[],"footnotes":""},"categories":[21,14,19],"tags":[95,55,65],"class_list":["post-29518","post","type-post","status-publish","format-standard","has-post-thumbnail","hentry","category-noticias","category-policiales","category-seguridad-vial","tag-noticias-de-rosario","tag-rosario","tag-santa-fe"],"_links":{"self":[{"href":"https:\/\/www.rosarioalerta.com.ar\/site\/wp-json\/wp\/v2\/posts\/29518","targetHints":{"allow":["GET"]}}],"collection":[{"href":"https:\/\/www.rosarioalerta.com.ar\/site\/wp-json\/wp\/v2\/posts"}],"about":[{"href":"https:\/\/www.rosarioalerta.com.ar\/site\/wp-json\/wp\/v2\/types\/post"}],"author":[{"embeddable":true,"href":"https:\/\/www.rosarioalerta.com.ar\/site\/wp-json\/wp\/v2\/users\/2"}],"replies":[{"embeddable":true,"href":"https:\/\/www.rosarioalerta.com.ar\/site\/wp-json\/wp\/v2\/comments?post=29518"}],"version-history":[{"count":1,"href":"https:\/\/www.rosarioalerta.com.ar\/site\/wp-json\/wp\/v2\/posts\/29518\/revisions"}],"predecessor-version":[{"id":29520,"href":"https:\/\/www.rosarioalerta.com.ar\/site\/wp-json\/wp\/v2\/posts\/29518\/revisions\/29520"}],"wp:featuredmedia":[{"embeddable":true,"href":"https:\/\/www.rosarioalerta.com.ar\/site\/wp-json\/wp\/v2\/media\/29519"}],"wp:attachment":[{"href":"https:\/\/www.rosarioalerta.com.ar\/site\/wp-json\/wp\/v2\/media?parent=29518"}],"wp:term":[{"taxonomy":"category","embeddable":true,"href":"https:\/\/www.rosarioalerta.com.ar\/site\/wp-json\/wp\/v2\/categories?post=29518"},{"taxonomy":"post_tag","embeddable":true,"href":"https:\/\/www.rosarioalerta.com.ar\/site\/wp-json\/wp\/v2\/tags?post=29518"}],"curies":[{"name":"wp","href":"https:\/\/api.w.org\/{rel}","templated":true}]}}