{"id":29485,"date":"2025-12-04T10:59:57","date_gmt":"2025-12-04T13:59:57","guid":{"rendered":"https:\/\/www.rosarioalerta.com.ar\/site\/?p=29485"},"modified":"2025-12-04T19:49:06","modified_gmt":"2025-12-04T22:49:06","slug":"hallan-muerto-a-un-hombre-tras-un-intento-de-robo","status":"publish","type":"post","link":"https:\/\/www.rosarioalerta.com.ar\/site\/archivos\/29485","title":{"rendered":"Discusi\u00f3n, ca\u00edda y muerte en la v\u00eda p\u00fablica"},"content":{"rendered":"\n<p>Investigan un caso confuso en P\u00e9rez<\/p>\n\n\n\n<p>Un hombre de 45 a\u00f1os muri\u00f3 tras desvanecerse y caer de su bicicleta <strong>en El Sauce y Las Calandrias<\/strong>. Dos personas se presentaron en la comisar\u00eda asegurando haber sido v\u00edctimas de un robo, pero por el momento no hay indicios de homicidio. Interviene Fiscal\u00eda y PDI.<\/p>\n\n\n\n<p>En horas de esta madrugada, personal de la <strong>Sub Comisar\u00eda 18\u00ba<\/strong> de <strong>P\u00e9rez<\/strong> recibi\u00f3 de manera sorpresiva a dos j\u00f3venes que ingresaron exaltados y aseguraron haber sido v\u00edctimas de un robo minutos antes, en la zona de <strong>Los<\/strong> <strong>Talas y El Jilguero<\/strong>. Seg\u00fan su relato, un hombre les habr\u00eda sustra\u00eddo una bicicleta rodado 26 color violeta y una suma de $4600.<\/p>\n\n\n\n<p>Mientras brindaban detalles, ambos se\u00f1alaron a un ciclista que pasaba por calle <strong>Hudson y giraba hacia El Sauce<\/strong>, a quien identificaron como el presunto autor. El personal sali\u00f3 en b\u00fasqueda y, a pocas cuadras, en <strong>El Sauce y Las Calandrias,<\/strong> encontr\u00f3 a un hombre tendido en el pavimento junto a la bicicleta se\u00f1alada.<\/p>\n\n\n\n<p>El hombre, identificado como <strong>Juan Marcelo Sosa de 45 a\u00f1os<\/strong>, presentaba un sangrado leve en la parte posterior de la cabeza y no respond\u00eda a est\u00edmulos. Pese a las maniobras de RCP realizadas por el personal policial y luego por m\u00e9dicos del <strong>SIES<\/strong>, constataron su fallecimiento.<\/p>\n\n\n\n<p>Los primeros informes m\u00e9dicos apuntan a que la muerte podr\u00eda estar vinculada a una afecci\u00f3n card\u00edaca preexistente, mientras que el golpe en la cabeza ser\u00eda compatible con la ca\u00edda, sin entidad suficiente para explicar el deceso.<\/p>\n\n\n\n<p>Testigos del barrio manifestaron que vieron a <strong>Sosa<\/strong> perder estabilidad y desplomarse solo de la bicicleta, sin agresiones de terceros.<\/p>\n\n\n\n<p>Al lugar acudi\u00f3 personal de la <strong>PDI<\/strong> y se dio aviso al equipo transitorio de Violencias Altamente Lesivas y a la fiscal de turno, Iris. Ordenaron preservar la escena, tomar testimonios y relevar c\u00e1maras p\u00fablicas y privadas.<\/p>\n\n\n\n<p>Los dos j\u00f3venes que inicialmente se\u00f1alaron a <strong>Sosa<\/strong> \u2014uno de ellos pareja actual de su ex\u2014 declararon que hab\u00edan mantenido una discusi\u00f3n previa, pero no hubo lesiones ni indicios de ataque f\u00edsico. Ambos prestaron testimonio y se retiraron sin quedar detenidos.<\/p>\n\n\n\n<p>Aunque el caso inici\u00f3 como un posible robo seguido de muerte, la l\u00ednea investigativa actual se orienta a una descompensaci\u00f3n s\u00fabita y ca\u00edda accidental. Restan peritajes m\u00e9dicos complementarios para precisar las causas definitivas.<\/p>\n\n\n\n<p><\/p>\n\n\n\n<p><\/p>\n\n\n\n<p><\/p>\n\n\n\n<p><\/p>\n\n\n\n<p><\/p>\n\n\n\n<p><\/p>\n\n\n\n<p class=\"has-text-align-center\"><\/p>\n<div class=\"newspaper-x-tags\"><strong>TAGS: <\/strong><span><a href=\"https:\/\/www.rosarioalerta.com.ar\/site\/archivos\/tag\/noticias-de-perez-2\" rel=\"tag\">Noticias de P\u00e9rez<\/a><\/span><a href=\"https:\/\/www.rosarioalerta.com.ar\/site\/archivos\/tag\/noticias-de-rosario\" rel=\"tag\">Noticias de Rosario<\/a><\/span><a href=\"https:\/\/www.rosarioalerta.com.ar\/site\/archivos\/tag\/perez-3\" rel=\"tag\">P\u00e9rez<\/a><\/span><a href=\"https:\/\/www.rosarioalerta.com.ar\/site\/archivos\/tag\/rosario\" rel=\"tag\">Rosario<\/a><\/span><a href=\"https:\/\/www.rosarioalerta.com.ar\/site\/archivos\/tag\/santa-fe\" rel=\"tag\">Santa Fe<\/a> <\/div>","protected":false},"excerpt":{"rendered":"<p>Investigan un caso confuso en P\u00e9rez Un hombre de 45 a\u00f1os muri\u00f3 tras desvanecerse y caer de su bicicleta en El Sauce y Las Calandrias. Dos personas se presentaron en la comisar\u00eda asegurando haber sido v\u00edctimas de un robo, pero por el momento no hay indicios de homicidio. Interviene Fiscal\u00eda y PDI. En horas de [&hellip;]<\/p>\n","protected":false},"author":2,"featured_media":29486,"comment_status":"open","ping_status":"open","sticky":false,"template":"","format":"standard","meta":{"_joinchat":[],"footnotes":""},"categories":[11,6,21,14],"tags":[427,95,428,55,65],"class_list":["post-29485","post","type-post","status-publish","format-standard","has-post-thumbnail","hentry","category-detenidos","category-homicidios","category-noticias","category-policiales","tag-noticias-de-perez-2","tag-noticias-de-rosario","tag-perez-3","tag-rosario","tag-santa-fe"],"_links":{"self":[{"href":"https:\/\/www.rosarioalerta.com.ar\/site\/wp-json\/wp\/v2\/posts\/29485","targetHints":{"allow":["GET"]}}],"collection":[{"href":"https:\/\/www.rosarioalerta.com.ar\/site\/wp-json\/wp\/v2\/posts"}],"about":[{"href":"https:\/\/www.rosarioalerta.com.ar\/site\/wp-json\/wp\/v2\/types\/post"}],"author":[{"embeddable":true,"href":"https:\/\/www.rosarioalerta.com.ar\/site\/wp-json\/wp\/v2\/users\/2"}],"replies":[{"embeddable":true,"href":"https:\/\/www.rosarioalerta.com.ar\/site\/wp-json\/wp\/v2\/comments?post=29485"}],"version-history":[{"count":2,"href":"https:\/\/www.rosarioalerta.com.ar\/site\/wp-json\/wp\/v2\/posts\/29485\/revisions"}],"predecessor-version":[{"id":29491,"href":"https:\/\/www.rosarioalerta.com.ar\/site\/wp-json\/wp\/v2\/posts\/29485\/revisions\/29491"}],"wp:featuredmedia":[{"embeddable":true,"href":"https:\/\/www.rosarioalerta.com.ar\/site\/wp-json\/wp\/v2\/media\/29486"}],"wp:attachment":[{"href":"https:\/\/www.rosarioalerta.com.ar\/site\/wp-json\/wp\/v2\/media?parent=29485"}],"wp:term":[{"taxonomy":"category","embeddable":true,"href":"https:\/\/www.rosarioalerta.com.ar\/site\/wp-json\/wp\/v2\/categories?post=29485"},{"taxonomy":"post_tag","embeddable":true,"href":"https:\/\/www.rosarioalerta.com.ar\/site\/wp-json\/wp\/v2\/tags?post=29485"}],"curies":[{"name":"wp","href":"https:\/\/api.w.org\/{rel}","templated":true}]}}