{"id":29430,"date":"2025-12-02T12:48:19","date_gmt":"2025-12-02T15:48:19","guid":{"rendered":"https:\/\/www.rosarioalerta.com.ar\/site\/?p=29430"},"modified":"2025-12-02T12:48:24","modified_gmt":"2025-12-02T15:48:24","slug":"provincia-lanza-un-plan-de-formacion-clave-para-guardias-urbanas","status":"publish","type":"post","link":"https:\/\/www.rosarioalerta.com.ar\/site\/archivos\/29430","title":{"rendered":"Provincia lanza un plan de formaci\u00f3n clave para guardias urbanas"},"content":{"rendered":"\n<p>Se trata de un nuevo programa de capacitaci\u00f3n para Guardias Urbanas y Agentes Locales de Prevenci\u00f3n<\/p>\n\n\n\n<p>En la sede del Ministerio de Justicia y Seguridad, autoridades provinciales detallaron el nuevo Programa de Formaci\u00f3n en Seguridad para Guardias Urbanas y Agentes Locales de Prevenci\u00f3n. La iniciativa comenzar\u00e1 a aplicarse en 2026 en el departamento La Capital y luego se extender\u00e1 a toda la provincia. Con una duraci\u00f3n de seis meses y modalidad mixta \u2014presencial cada 15 d\u00edas y clases virtuales semanales\u2014, el plan busca profesionalizar la labor de quienes act\u00faan como primer contacto ante emergencias locales.<br>El programa est\u00e1 dirigido a municipios y comunas, con inscripci\u00f3n habilitada del 9 al 27 de febrero de 2026. Requiere secundario completo y una convocatoria formal de cada gobierno local. El trayecto se divide en tres ejes: agentes de seguridad ciudadana, videovigilancia y gesti\u00f3n de monitoreo, y liderazgo en pol\u00edticas locales. La certificaci\u00f3n ser\u00e1 v\u00e1lida en toda la provincia.<br>El ministro de Justicia y Seguridad, Pablo Cococcioni, destac\u00f3 que la formaci\u00f3n \u201cpermitir\u00e1 profundizar la cooperaci\u00f3n con los gobiernos locales, que reciben de forma inmediata la demanda ciudadana y funcionan como primer escal\u00f3n para desactivar conflictos\u201d. Subray\u00f3, adem\u00e1s, que la articulaci\u00f3n con la polic\u00eda ser\u00e1 central para fortalecer la prevenci\u00f3n del delito.<br>Desde Educaci\u00f3n, el ministro Jos\u00e9 Goity remarc\u00f3 que el Gobierno impulsa \u201ctrayectos formativos de excelencia, debidamente certificados, que profesionalizan la actividad estatal y responden a demandas concretas de la ciudadan\u00eda\u201d.<\/p>\n\n\n\n<p>Funcionarios de ambas carteras, junto a representantes de diversas localidades del departamento La Capital, acompa\u00f1aron el anuncio y coincidieron en que la iniciativa representa un avance para dotar de herramientas reales a los equipos locales.<\/p>\n\n\n\n<p>Con este programa, la Provincia apunta a construir un modelo de prevenci\u00f3n m\u00e1s cercano, capacitado y coordinado, adaptado a las necesidades concretas de cada comunidad y con una mirada integral sobre la seguridad ciudadana.<\/p>\n<div class=\"newspaper-x-tags\"><strong>TAGS: <\/strong><span><a href=\"https:\/\/www.rosarioalerta.com.ar\/site\/archivos\/tag\/rosario\" rel=\"tag\">Rosario<\/a> <\/div>","protected":false},"excerpt":{"rendered":"<p>Se trata de un nuevo programa de capacitaci\u00f3n para Guardias Urbanas y Agentes Locales de Prevenci\u00f3n En la sede del Ministerio de Justicia y Seguridad, autoridades provinciales detallaron el nuevo Programa de Formaci\u00f3n en Seguridad para Guardias Urbanas y Agentes Locales de Prevenci\u00f3n. La iniciativa comenzar\u00e1 a aplicarse en 2026 en el departamento La Capital [&hellip;]<\/p>\n","protected":false},"author":2,"featured_media":29431,"comment_status":"open","ping_status":"open","sticky":false,"template":"","format":"standard","meta":{"_joinchat":[],"footnotes":""},"categories":[18,21],"tags":[55],"class_list":["post-29430","post","type-post","status-publish","format-standard","has-post-thumbnail","hentry","category-institucional","category-noticias","tag-rosario"],"_links":{"self":[{"href":"https:\/\/www.rosarioalerta.com.ar\/site\/wp-json\/wp\/v2\/posts\/29430","targetHints":{"allow":["GET"]}}],"collection":[{"href":"https:\/\/www.rosarioalerta.com.ar\/site\/wp-json\/wp\/v2\/posts"}],"about":[{"href":"https:\/\/www.rosarioalerta.com.ar\/site\/wp-json\/wp\/v2\/types\/post"}],"author":[{"embeddable":true,"href":"https:\/\/www.rosarioalerta.com.ar\/site\/wp-json\/wp\/v2\/users\/2"}],"replies":[{"embeddable":true,"href":"https:\/\/www.rosarioalerta.com.ar\/site\/wp-json\/wp\/v2\/comments?post=29430"}],"version-history":[{"count":1,"href":"https:\/\/www.rosarioalerta.com.ar\/site\/wp-json\/wp\/v2\/posts\/29430\/revisions"}],"predecessor-version":[{"id":29432,"href":"https:\/\/www.rosarioalerta.com.ar\/site\/wp-json\/wp\/v2\/posts\/29430\/revisions\/29432"}],"wp:featuredmedia":[{"embeddable":true,"href":"https:\/\/www.rosarioalerta.com.ar\/site\/wp-json\/wp\/v2\/media\/29431"}],"wp:attachment":[{"href":"https:\/\/www.rosarioalerta.com.ar\/site\/wp-json\/wp\/v2\/media?parent=29430"}],"wp:term":[{"taxonomy":"category","embeddable":true,"href":"https:\/\/www.rosarioalerta.com.ar\/site\/wp-json\/wp\/v2\/categories?post=29430"},{"taxonomy":"post_tag","embeddable":true,"href":"https:\/\/www.rosarioalerta.com.ar\/site\/wp-json\/wp\/v2\/tags?post=29430"}],"curies":[{"name":"wp","href":"https:\/\/api.w.org\/{rel}","templated":true}]}}