{"id":29427,"date":"2025-12-02T07:20:15","date_gmt":"2025-12-02T10:20:15","guid":{"rendered":"https:\/\/www.rosarioalerta.com.ar\/site\/?p=29427"},"modified":"2025-12-02T07:20:16","modified_gmt":"2025-12-02T10:20:16","slug":"piden-perpetua-para-el-autor-de-un-doble-crimen-de-barrio-triangulo","status":"publish","type":"post","link":"https:\/\/www.rosarioalerta.com.ar\/site\/archivos\/29427","title":{"rendered":"Piden perpetua para el autor de un doble crimen de barrio Tri\u00e1ngulo"},"content":{"rendered":"\n<p>La Justicia acept\u00f3 la acusaci\u00f3n contra Caba\u00f1a, se\u00f1alado por el femicidio de su ex pareja Natalia Ocampo y el homicidio de C\u00e9sar Valenzuela<\/p>\n\n\n\n<p>Este lunes se realiz\u00f3 la audiencia preliminar contra <strong>An\u00edbal Ram\u00f3n Caba\u00f1a<\/strong>, imputado por dos homicidios ocurridos en <strong>abril de 2025<\/strong> en una pensi\u00f3n del <strong>barrio Tri\u00e1ngulo y Moderno<\/strong>. El juez <strong>Hern\u00e1n Postma<\/strong> admiti\u00f3 la acusaci\u00f3n completa presentada por la Fiscal\u00eda, que solicita la pena de prisi\u00f3n perpetua.<br>El fiscal <strong>Alejandro Ferlazzo<\/strong> reconstruy\u00f3 ante el tribunal la secuencia que el acusado habr\u00eda protagonizado el <strong>6 de abril de 2025<\/strong>, alrededor de las 13.45, cuando ingres\u00f3 al domicilio de su ex pareja, <strong>Natalia Ocampo<\/strong>, en <strong>Uruguay al 5300<\/strong>, utilizando las llaves que previamente le hab\u00eda sustra\u00eddo.<\/p>\n\n\n\n<p>Seg\u00fan la acusaci\u00f3n, <strong>Ocampo<\/strong> \u2014quien viv\u00eda all\u00ed junto a su actual pareja, <strong>C\u00e9sar Valenzuela<\/strong>\u2014 fue sorprendida en la planta alta de la vivienda. El imputado habr\u00eda pateado una puerta divisoria y, ya dentro del living-cocina, abri\u00f3 fuego con una pistola Bersa calibre 9 mm.<br>La Fiscal\u00eda sostiene que primero dispar\u00f3 tres veces contra <strong>Natalia<\/strong>: dos impactos en el cr\u00e1neo y uno en el cuerpo. Luego, durante un forcejeo, efectu\u00f3 cinco disparos contra <strong>Valenzuela<\/strong>, hiri\u00e9ndolo en el cr\u00e1neo y el torso. <strong>Ocampo<\/strong> muri\u00f3 por da\u00f1o cr\u00e1neo encef\u00e1lico severo; <strong>Valenzuela<\/strong>, por un shock hipovol\u00e9mico causado por lesiones internas. Tras la balacera, el acusado se retir\u00f3 y habr\u00eda ocultado el arma en la casa de un familiar.<\/p>\n\n\n\n<p>La presentaci\u00f3n fiscal tambi\u00e9n incluy\u00f3 cargos por portaci\u00f3n ileg\u00edtima de arma de fuego, encubrimiento, amenazas y da\u00f1o. Las autoridades remarcaron que los hechos se inscriben en un prolongado contexto de violencia de g\u00e9nero, con denuncias desde 2010 y una prohibici\u00f3n de acercamiento vigente desde marzo de 2025.<br>A fines de ese mismo mes, el acusado habr\u00eda amenazado nuevamente a Ocampo en la vereda de su casa, reforzando el historial de hostigamiento econ\u00f3mico, f\u00edsico y psicol\u00f3gico.<\/p>\n\n\n\n<p>La audiencia dej\u00f3 formalizado un caso que expuso una cadena de violencia prolongada y un desenlace fatal que golpe\u00f3 al barrio <strong>Tri\u00e1ngulo y Moderno<\/strong>. Con la acusaci\u00f3n aceptada y la solicitud de perpetua sobre la mesa, ser\u00e1 la Justicia quien determine el cierre de un expediente atravesado por un trasfondo de violencia de g\u00e9nero persistente.<\/p>\n<div class=\"newspaper-x-tags\"><strong>TAGS: <\/strong><span><a href=\"https:\/\/www.rosarioalerta.com.ar\/site\/archivos\/tag\/anibal-ramon-cabana\" rel=\"tag\">An\u00edbal Ram\u00f3n Caba\u00f1a<\/a><\/span><a href=\"https:\/\/www.rosarioalerta.com.ar\/site\/archivos\/tag\/cesar-valenzuela\" rel=\"tag\">C\u00e9sar Valenzuela<\/a><\/span><a href=\"https:\/\/www.rosarioalerta.com.ar\/site\/archivos\/tag\/natalia-ocampo\" rel=\"tag\">Natalia Ocampo<\/a><\/span><a href=\"https:\/\/www.rosarioalerta.com.ar\/site\/archivos\/tag\/noticias-de-rosario\" rel=\"tag\">Noticias de Rosario<\/a><\/span><a href=\"https:\/\/www.rosarioalerta.com.ar\/site\/archivos\/tag\/rosario\" rel=\"tag\">Rosario<\/a><\/span><a href=\"https:\/\/www.rosarioalerta.com.ar\/site\/archivos\/tag\/santa-fe\" rel=\"tag\">Santa Fe<\/a> <\/div>","protected":false},"excerpt":{"rendered":"<p>La Justicia acept\u00f3 la acusaci\u00f3n contra Caba\u00f1a, se\u00f1alado por el femicidio de su ex pareja Natalia Ocampo y el homicidio de C\u00e9sar Valenzuela Este lunes se realiz\u00f3 la audiencia preliminar contra An\u00edbal Ram\u00f3n Caba\u00f1a, imputado por dos homicidios ocurridos en abril de 2025 en una pensi\u00f3n del barrio Tri\u00e1ngulo y Moderno. El juez Hern\u00e1n Postma [&hellip;]<\/p>\n","protected":false},"author":2,"featured_media":29428,"comment_status":"open","ping_status":"open","sticky":false,"template":"","format":"standard","meta":{"_joinchat":[],"footnotes":""},"categories":[6,13,21,14],"tags":[1869,1870,1871,95,55,65],"class_list":["post-29427","post","type-post","status-publish","format-standard","has-post-thumbnail","hentry","category-homicidios","category-judiciales","category-noticias","category-policiales","tag-anibal-ramon-cabana","tag-cesar-valenzuela","tag-natalia-ocampo","tag-noticias-de-rosario","tag-rosario","tag-santa-fe"],"_links":{"self":[{"href":"https:\/\/www.rosarioalerta.com.ar\/site\/wp-json\/wp\/v2\/posts\/29427","targetHints":{"allow":["GET"]}}],"collection":[{"href":"https:\/\/www.rosarioalerta.com.ar\/site\/wp-json\/wp\/v2\/posts"}],"about":[{"href":"https:\/\/www.rosarioalerta.com.ar\/site\/wp-json\/wp\/v2\/types\/post"}],"author":[{"embeddable":true,"href":"https:\/\/www.rosarioalerta.com.ar\/site\/wp-json\/wp\/v2\/users\/2"}],"replies":[{"embeddable":true,"href":"https:\/\/www.rosarioalerta.com.ar\/site\/wp-json\/wp\/v2\/comments?post=29427"}],"version-history":[{"count":1,"href":"https:\/\/www.rosarioalerta.com.ar\/site\/wp-json\/wp\/v2\/posts\/29427\/revisions"}],"predecessor-version":[{"id":29429,"href":"https:\/\/www.rosarioalerta.com.ar\/site\/wp-json\/wp\/v2\/posts\/29427\/revisions\/29429"}],"wp:featuredmedia":[{"embeddable":true,"href":"https:\/\/www.rosarioalerta.com.ar\/site\/wp-json\/wp\/v2\/media\/29428"}],"wp:attachment":[{"href":"https:\/\/www.rosarioalerta.com.ar\/site\/wp-json\/wp\/v2\/media?parent=29427"}],"wp:term":[{"taxonomy":"category","embeddable":true,"href":"https:\/\/www.rosarioalerta.com.ar\/site\/wp-json\/wp\/v2\/categories?post=29427"},{"taxonomy":"post_tag","embeddable":true,"href":"https:\/\/www.rosarioalerta.com.ar\/site\/wp-json\/wp\/v2\/tags?post=29427"}],"curies":[{"name":"wp","href":"https:\/\/api.w.org\/{rel}","templated":true}]}}