{"id":29409,"date":"2025-12-01T09:16:20","date_gmt":"2025-12-01T12:16:20","guid":{"rendered":"https:\/\/www.rosarioalerta.com.ar\/site\/?p=29409"},"modified":"2025-12-01T09:16:29","modified_gmt":"2025-12-01T12:16:29","slug":"murio-la-muchi-una-vida-atravesada-por-disputas-narcos","status":"publish","type":"post","link":"https:\/\/www.rosarioalerta.com.ar\/site\/archivos\/29409","title":{"rendered":"Muri\u00f3 \u201cLa Muchi\u201d una vida atravesada por disputas narcos"},"content":{"rendered":"\n<p><strong>Eliana Noelia \u201cLa Muchi\u201d Fern\u00e1ndez de 36 a\u00f1os<\/strong>, falleci\u00f3 este lunes en el <strong>HECA<\/strong> tras dos semanas de agon\u00eda. Hab\u00eda sido atacada a balazos en su casa de <strong>Aurora al 3800<\/strong>, un domicilio ya marcado por allanamientos, amenazas y v\u00ednculos con causas narco de la \u00faltima d\u00e9cada.<\/p>\n\n\n\n<p><strong>Eliana Fern\u00e1ndez<\/strong> muri\u00f3 esta madrugada en el <strong>Hospital de Emergencias Clemente \u00c1lvarez<\/strong>, donde permanec\u00eda internada desde el <strong>18 de noviembre<\/strong>, cuando sicarios irrumpieron en su vivienda de <strong>barrio Plata<\/strong> y la acribillaron a pocos metros de su familia. La mujer ingres\u00f3 al centro de salud en estado cr\u00edtico y, pese a las intervenciones m\u00e9dicas, no logr\u00f3 recuperarse.<\/p>\n\n\n\n<p><strong>Fern\u00e1ndez<\/strong>, conocida en el ambiente barrial como <strong>\u201cLa Muchi\u201d,<\/strong> fue un nombre recurrente en investigaciones vinculadas al narcomenudeo y a distintos episodios de violencia en el sudoeste rosarino. No estaba se\u00f1alada como jefa de una organizaci\u00f3n, pero s\u00ed como una figura cercana a parejas involucradas en hechos resonantes: <strong>Daniel \u201cTeletubi\u201d Delgado<\/strong>, condenado por el <strong>triple crimen<\/strong> de <strong>Villa Moreno<\/strong>; <strong>Marco Leonel Guti\u00e9rrez<\/strong>, sentenciado por integrar una banda narco; y <strong>Ulises Gamarra<\/strong>, asesinado en 2022 en un conflicto ligado al <strong>Clan Cantero<\/strong>.<\/p>\n\n\n\n<p>Su casa de <strong>Aurora al 3800<\/strong> hab\u00eda sido allanada varias veces y fue el escenario donde, semanas atr\u00e1s, intentaron matarla. A fines de octubre, incluso, hab\u00eda declarado en una causa federal por lavado de activos que investigaba remodelaciones y bienes adquiridos presuntamente con dinero il\u00edcito.<\/p>\n\n\n\n<p>Fuentes policiales confirmaron que el ataque est\u00e1 siendo investigado como un posible cap\u00edtulo m\u00e1s de la disputa entre facciones narco que recrudeci\u00f3 tras el intento de asesinato de <strong>Dylan Cantero<\/strong>. Hasta el momento no hay detenidos, y el Ministerio P\u00fablico de la Acusaci\u00f3n intenta reconstruir si el atentado fue una represalia directamente dirigida a <strong>Fern\u00e1ndez<\/strong> o una derivaci\u00f3n de viejos enfrentamientos entre bandas.<\/p>\n\n\n\n<p>La muerte de \u201c<strong>La Muchi<\/strong>\u201d deja m\u00e1s preguntas que certezas. Su figura, siempre orbitando alrededor de conflictos ajenos pero afectada de lleno por la violencia, cierra un cap\u00edtulo m\u00e1s de un mapa criminal en constante reacomodamiento. La investigaci\u00f3n reci\u00e9n comienza, aunque en el barrio muchos sienten que la historia ven\u00eda escrita desde hace tiempo.<\/p>\n\n\n\n<p>Adem\u00e1s de lluvia, cayeron balas en distintos puntos de la ciudad<\/p>\n\n\n\n<p>En <strong>Abor\u00edgenes Argentinos y Campbell<\/strong>, un joven de 19 a\u00f1os fue baleado en una pierna. Lo trasladaron al <strong>HECA<\/strong> donde se recupera<\/p>\n\n\n\n<p>Al mismo efector trasladaron a un hombre de 35 a\u00f1os, que fue baleado en &nbsp;<strong>Castellano y 27 de Febrero<\/strong>, presentaba heridas en extremidades inferiores y superiores<\/p>\n\n\n\n<p>Otro, recibi\u00f3 disparos en extremidades tras resistirse a un asalto, fue un joven de 19 a\u00f1os. Este fue interceptado en <strong>Bv Segu\u00ed y colectora de Circunvalaci\u00f3n<\/strong><\/p>\n\n\n\n<p>Y finalmente en lo que podr\u00eda tratarse de una disputa familiar o barrial, en <strong>D&#8217;Angelli y Pelayo.<\/strong> Un hombre de 46 a\u00f1os tuvo que ser asistido por el <strong>SIES<\/strong> y trasladado al <strong>Hospital Alberdi<\/strong> con un puntazo. Tras ser examinado en el nosocomio, decidieron el traslado al <strong>HECA<\/strong> para ingresar a quir\u00f3fano, con heridas de arma blanca en t\u00f3rax y cuello<\/p>\n<div class=\"newspaper-x-tags\"><strong>TAGS: <\/strong><span><a href=\"https:\/\/www.rosarioalerta.com.ar\/site\/archivos\/tag\/noticias-de-rosario\" rel=\"tag\">Noticias de Rosario<\/a><\/span><a href=\"https:\/\/www.rosarioalerta.com.ar\/site\/archivos\/tag\/rosario\" rel=\"tag\">Rosario<\/a><\/span><a href=\"https:\/\/www.rosarioalerta.com.ar\/site\/archivos\/tag\/santa-fe\" rel=\"tag\">Santa Fe<\/a> <\/div>","protected":false},"excerpt":{"rendered":"<p>Eliana Noelia \u201cLa Muchi\u201d Fern\u00e1ndez de 36 a\u00f1os, falleci\u00f3 este lunes en el HECA tras dos semanas de agon\u00eda. Hab\u00eda sido atacada a balazos en su casa de Aurora al 3800, un domicilio ya marcado por allanamientos, amenazas y v\u00ednculos con causas narco de la \u00faltima d\u00e9cada. Eliana Fern\u00e1ndez muri\u00f3 esta madrugada en el Hospital [&hellip;]<\/p>\n","protected":false},"author":2,"featured_media":29410,"comment_status":"open","ping_status":"open","sticky":false,"template":"","format":"standard","meta":{"_joinchat":[],"footnotes":""},"categories":[15,17,6,21,14],"tags":[95,55,65],"class_list":["post-29409","post","type-post","status-publish","format-standard","has-post-thumbnail","hentry","category-balaceras","category-heridos","category-homicidios","category-noticias","category-policiales","tag-noticias-de-rosario","tag-rosario","tag-santa-fe"],"_links":{"self":[{"href":"https:\/\/www.rosarioalerta.com.ar\/site\/wp-json\/wp\/v2\/posts\/29409","targetHints":{"allow":["GET"]}}],"collection":[{"href":"https:\/\/www.rosarioalerta.com.ar\/site\/wp-json\/wp\/v2\/posts"}],"about":[{"href":"https:\/\/www.rosarioalerta.com.ar\/site\/wp-json\/wp\/v2\/types\/post"}],"author":[{"embeddable":true,"href":"https:\/\/www.rosarioalerta.com.ar\/site\/wp-json\/wp\/v2\/users\/2"}],"replies":[{"embeddable":true,"href":"https:\/\/www.rosarioalerta.com.ar\/site\/wp-json\/wp\/v2\/comments?post=29409"}],"version-history":[{"count":1,"href":"https:\/\/www.rosarioalerta.com.ar\/site\/wp-json\/wp\/v2\/posts\/29409\/revisions"}],"predecessor-version":[{"id":29411,"href":"https:\/\/www.rosarioalerta.com.ar\/site\/wp-json\/wp\/v2\/posts\/29409\/revisions\/29411"}],"wp:featuredmedia":[{"embeddable":true,"href":"https:\/\/www.rosarioalerta.com.ar\/site\/wp-json\/wp\/v2\/media\/29410"}],"wp:attachment":[{"href":"https:\/\/www.rosarioalerta.com.ar\/site\/wp-json\/wp\/v2\/media?parent=29409"}],"wp:term":[{"taxonomy":"category","embeddable":true,"href":"https:\/\/www.rosarioalerta.com.ar\/site\/wp-json\/wp\/v2\/categories?post=29409"},{"taxonomy":"post_tag","embeddable":true,"href":"https:\/\/www.rosarioalerta.com.ar\/site\/wp-json\/wp\/v2\/tags?post=29409"}],"curies":[{"name":"wp","href":"https:\/\/api.w.org\/{rel}","templated":true}]}}