{"id":29371,"date":"2025-11-28T17:29:26","date_gmt":"2025-11-28T20:29:26","guid":{"rendered":"https:\/\/www.rosarioalerta.com.ar\/site\/?p=29371"},"modified":"2025-11-28T17:29:28","modified_gmt":"2025-11-28T20:29:28","slug":"le-dieron-el-alta-medica-a-dylan-cantero-y-se-fue-esposado","status":"publish","type":"post","link":"https:\/\/www.rosarioalerta.com.ar\/site\/archivos\/29371","title":{"rendered":"Le dieron el alta m\u00e9dica a Dylan Cantero y se fue esposado"},"content":{"rendered":"\n<p>El Comando Unificado lo detuvo por una causa de microtr\u00e1fico<\/p>\n\n\n\n<p>El hijo de \u201c<strong>El Viejo<\/strong>\u201d <strong>Cantero<\/strong> sali\u00f3 del HECA tras recuperarse de un ataque a balazos, pero fue detenido por orden fiscal. Tres personas que fueron a buscarlo tambi\u00e9n quedaron aprehendidas.<\/p>\n\n\n\n<p>Pasado el mediod\u00eda de este viernes, y todav\u00eda con visibles dificultades para moverse, <strong>Dylan Lautaro Cantero de 21 a\u00f1os<\/strong>, se dispon\u00eda a dejar el <strong>Hospital de Emergencias Clemente \u00c1lvarez<\/strong>. Hab\u00eda ingresado hace m\u00e1s de una semana, tras resultar herido en un violento ataque en la puerta de su casa en <strong>barrio La Granada<\/strong>. Pero su salida no fue hacia su casa: agentes de la <strong>Polic\u00eda Federal<\/strong> lo retiraron esposado, con casco, chaleco y en silla de ruedas, cumpliendo una orden del fiscal provincial <strong>C\u00e9sar Pierantoni<\/strong>, quien dispuso su detenci\u00f3n inmediata.<\/p>\n\n\n\n<p><strong>Cantero<\/strong>, integrante del conocido clan familiar, fue baleado el <strong>17 de noviembre en Ca\u00f1a de \u00c1mbar al 1800<\/strong>. Desde un autom\u00f3vil, atacantes dispararon contra \u00e9l y sus dos sobrinas \u2014una beb\u00e9 de un a\u00f1o y ocho meses y otra ni\u00f1a de 12\u2014, quienes sufrieron heridas en piernas y hombro.<br>El episodio se suma a un antecedente reciente: el 15 de octubre, en la misma cuadra, <strong>Cantero<\/strong> ya hab\u00eda sido blanco de otro ataque donde un proyectil le dio en una pierna. Ambos hechos alimentan la hip\u00f3tesis de una disputa territorial o interna, aunque hasta el momento no hay imputaciones por esos ataques.<\/p>\n\n\n\n<p>La nueva <strong>medida judicial<\/strong> <strong>responde a una investigaci\u00f3n por microtr\u00e1fico<\/strong>, una l\u00ednea que el <strong>Ministerio P\u00fablico de la Acusaci\u00f3n<\/strong> viene profundizando en torno al entorno del joven. Adem\u00e1s de <strong>Cantero<\/strong>, fueron aprehendidas <strong>tres personas <\/strong>que se presentaron en el <strong>HECA<\/strong> para retirarlo tras el alta m\u00e9dica. Su situaci\u00f3n procesal ser\u00e1 definida en las pr\u00f3ximas horas, mientras avanzan las entrevistas, informes y recolecci\u00f3n de pruebas.<br>La detenci\u00f3n ocurre menos de un a\u00f1o despu\u00e9s de que <strong>Dylan<\/strong> recuperara la libertad, tras cumplir una sentencia unificada por portaci\u00f3n de arma de guerra y asociaci\u00f3n il\u00edcita.<\/p>\n<div class=\"newspaper-x-tags\"><strong>TAGS: <\/strong><span><a href=\"https:\/\/www.rosarioalerta.com.ar\/site\/archivos\/tag\/dylan-cantero\" rel=\"tag\">Dylan Cantero<\/a><\/span><a href=\"https:\/\/www.rosarioalerta.com.ar\/site\/archivos\/tag\/heca\" rel=\"tag\">HECA<\/a><\/span><a href=\"https:\/\/www.rosarioalerta.com.ar\/site\/archivos\/tag\/los-monos\" rel=\"tag\">Los Monos<\/a><\/span><a href=\"https:\/\/www.rosarioalerta.com.ar\/site\/archivos\/tag\/noticias-de-rosario\" rel=\"tag\">Noticias de Rosario<\/a><\/span><a href=\"https:\/\/www.rosarioalerta.com.ar\/site\/archivos\/tag\/rosario\" rel=\"tag\">Rosario<\/a><\/span><a href=\"https:\/\/www.rosarioalerta.com.ar\/site\/archivos\/tag\/santa-fe\" rel=\"tag\">Santa Fe<\/a> <\/div>","protected":false},"excerpt":{"rendered":"<p>El Comando Unificado lo detuvo por una causa de microtr\u00e1fico El hijo de \u201cEl Viejo\u201d Cantero sali\u00f3 del HECA tras recuperarse de un ataque a balazos, pero fue detenido por orden fiscal. Tres personas que fueron a buscarlo tambi\u00e9n quedaron aprehendidas. Pasado el mediod\u00eda de este viernes, y todav\u00eda con visibles dificultades para moverse, Dylan [&hellip;]<\/p>\n","protected":false},"author":2,"featured_media":29372,"comment_status":"open","ping_status":"open","sticky":false,"template":"","format":"standard","meta":{"_joinchat":[],"footnotes":""},"categories":[11,494,21,14],"tags":[554,119,77,95,55,65],"class_list":["post-29371","post","type-post","status-publish","format-standard","has-post-thumbnail","hentry","category-detenidos","category-microtrafico","category-noticias","category-policiales","tag-dylan-cantero","tag-heca","tag-los-monos","tag-noticias-de-rosario","tag-rosario","tag-santa-fe"],"_links":{"self":[{"href":"https:\/\/www.rosarioalerta.com.ar\/site\/wp-json\/wp\/v2\/posts\/29371","targetHints":{"allow":["GET"]}}],"collection":[{"href":"https:\/\/www.rosarioalerta.com.ar\/site\/wp-json\/wp\/v2\/posts"}],"about":[{"href":"https:\/\/www.rosarioalerta.com.ar\/site\/wp-json\/wp\/v2\/types\/post"}],"author":[{"embeddable":true,"href":"https:\/\/www.rosarioalerta.com.ar\/site\/wp-json\/wp\/v2\/users\/2"}],"replies":[{"embeddable":true,"href":"https:\/\/www.rosarioalerta.com.ar\/site\/wp-json\/wp\/v2\/comments?post=29371"}],"version-history":[{"count":1,"href":"https:\/\/www.rosarioalerta.com.ar\/site\/wp-json\/wp\/v2\/posts\/29371\/revisions"}],"predecessor-version":[{"id":29373,"href":"https:\/\/www.rosarioalerta.com.ar\/site\/wp-json\/wp\/v2\/posts\/29371\/revisions\/29373"}],"wp:featuredmedia":[{"embeddable":true,"href":"https:\/\/www.rosarioalerta.com.ar\/site\/wp-json\/wp\/v2\/media\/29372"}],"wp:attachment":[{"href":"https:\/\/www.rosarioalerta.com.ar\/site\/wp-json\/wp\/v2\/media?parent=29371"}],"wp:term":[{"taxonomy":"category","embeddable":true,"href":"https:\/\/www.rosarioalerta.com.ar\/site\/wp-json\/wp\/v2\/categories?post=29371"},{"taxonomy":"post_tag","embeddable":true,"href":"https:\/\/www.rosarioalerta.com.ar\/site\/wp-json\/wp\/v2\/tags?post=29371"}],"curies":[{"name":"wp","href":"https:\/\/api.w.org\/{rel}","templated":true}]}}