{"id":29348,"date":"2025-11-28T07:28:58","date_gmt":"2025-11-28T10:28:58","guid":{"rendered":"https:\/\/www.rosarioalerta.com.ar\/site\/?p=29348"},"modified":"2025-11-28T07:29:04","modified_gmt":"2025-11-28T10:29:04","slug":"balaceras-detenidos-y-secuestro-de-drogas","status":"publish","type":"post","link":"https:\/\/www.rosarioalerta.com.ar\/site\/archivos\/29348","title":{"rendered":"Balaceras, detenidos y secuestro de drogas"},"content":{"rendered":"\n<p>Un menor con un arma y dos hechos de abuso de armas, marcaron la jornada<\/p>\n\n\n\n<p>Entre la tarde y la noche del jueves se registraron cuatro intervenciones policiales de relevancia en <strong>Rosario y P\u00e9rez<\/strong>: dos ataques a balazos, la aprehensi\u00f3n de un adolescente armado y un procedimiento por microtr\u00e1fico. Todos los hechos quedaron bajo investigaci\u00f3n judicial.<\/p>\n\n\n\n<p>La jornada del jueves volvi\u00f3 a marcar el pulso de la inseguridad en la regi\u00f3n. El primero de los episodios ocurri\u00f3 en <strong>Tte. Agneta, entre Cochabamba y Pasco<\/strong>, donde una vivienda fue atacada a tiros desde un auto sin patente. Vecinos alertaron a la <strong>Central de Emergencias del 911<\/strong>, tras escuchar la r\u00e1faga de disparos. Al llegar, la Polic\u00eda hall\u00f3 m\u00e1s de una docena de vainas servidas esparcidas sobre la calzada, sin registrarse heridos.<\/p>\n\n\n\n<p>Un segundo episodio se report\u00f3 en la localidad de <strong>P\u00e9rez<\/strong>, en <strong>Formosa al 600,<\/strong> donde tambi\u00e9n se oyeron detonaciones. En este caso, los disparos habr\u00edan sido realizados al aire, pero nuevamente los agentes secuestraron una gran cantidad de vainas servidas, ahora recogidas para pericias.<\/p>\n\n\n\n<p>Ninguno de los dos ataques dej\u00f3 heridos, aunque las casas involucradas presentan da\u00f1os<\/p>\n\n\n\n<p>Horas m\u00e1s tarde, en <strong>Juan Jos\u00e9 Paso al 6100<\/strong>, la polic\u00eda identifica a un joven de 15 a\u00f1os que circulaba en bicicleta con una bolsa colgada del manubrio. Dentro hallaron un rev\u00f3lver calibre 38 con un cartucho intacto, adem\u00e1s de su celular y la bicicleta en la que se desplazaba. Fue aprehendido y trasladado a la dependencia correspondiente.<\/p>\n\n\n\n<figure class=\"wp-block-image size-large\"><img loading=\"lazy\" decoding=\"async\" width=\"1024\" height=\"576\" src=\"https:\/\/www.rosarioalerta.com.ar\/site\/wp-content\/uploads\/2025\/11\/nota-3-1-1024x576.jpg\" alt=\"\" class=\"wp-image-29350\" srcset=\"https:\/\/www.rosarioalerta.com.ar\/site\/wp-content\/uploads\/2025\/11\/nota-3-1-1024x576.jpg 1024w, https:\/\/www.rosarioalerta.com.ar\/site\/wp-content\/uploads\/2025\/11\/nota-3-1-300x169.jpg 300w, https:\/\/www.rosarioalerta.com.ar\/site\/wp-content\/uploads\/2025\/11\/nota-3-1-768x432.jpg 768w, https:\/\/www.rosarioalerta.com.ar\/site\/wp-content\/uploads\/2025\/11\/nota-3-1-1536x864.jpg 1536w, https:\/\/www.rosarioalerta.com.ar\/site\/wp-content\/uploads\/2025\/11\/nota-3-1.jpg 1920w\" sizes=\"auto, (max-width: 1024px) 100vw, 1024px\" \/><\/figure>\n\n\n\n<p>Casi al mismo tiempo, otra patrulla detuvo a <strong>Pablo Dar\u00edo A de 31 a\u00f1os<\/strong>, en <strong>Pascual Rosas y G\u00e1lvez<\/strong>. Llevaba una bolsa transparente con 109 envoltorios de marihuana. Tras su identificaci\u00f3n, fue detenido y el procedimiento derivado a la <strong>Secci\u00f3n Microtr\u00e1fico<\/strong>, donde se realizaron las pruebas de campo y el pesaje. Aunque no hubo v\u00edctimas, las investigaciones contin\u00faan para determinar responsabilidades y prevenir nuevas escaladas de violencia.<\/p>\n\n\n\n<figure class=\"wp-block-image size-large\"><img loading=\"lazy\" decoding=\"async\" width=\"1024\" height=\"576\" src=\"https:\/\/www.rosarioalerta.com.ar\/site\/wp-content\/uploads\/2025\/11\/nota-5-1-1024x576.jpg\" alt=\"\" class=\"wp-image-29351\" srcset=\"https:\/\/www.rosarioalerta.com.ar\/site\/wp-content\/uploads\/2025\/11\/nota-5-1-1024x576.jpg 1024w, https:\/\/www.rosarioalerta.com.ar\/site\/wp-content\/uploads\/2025\/11\/nota-5-1-300x169.jpg 300w, https:\/\/www.rosarioalerta.com.ar\/site\/wp-content\/uploads\/2025\/11\/nota-5-1-768x432.jpg 768w, https:\/\/www.rosarioalerta.com.ar\/site\/wp-content\/uploads\/2025\/11\/nota-5-1-1536x864.jpg 1536w, https:\/\/www.rosarioalerta.com.ar\/site\/wp-content\/uploads\/2025\/11\/nota-5-1.jpg 1920w\" sizes=\"auto, (max-width: 1024px) 100vw, 1024px\" \/><\/figure>\n<div class=\"newspaper-x-tags\"><strong>TAGS: <\/strong><span><a href=\"https:\/\/www.rosarioalerta.com.ar\/site\/archivos\/tag\/noticias-de-rosario\" rel=\"tag\">Noticias de Rosario<\/a><\/span><a href=\"https:\/\/www.rosarioalerta.com.ar\/site\/archivos\/tag\/rosario\" rel=\"tag\">Rosario<\/a><\/span><a href=\"https:\/\/www.rosarioalerta.com.ar\/site\/archivos\/tag\/santa-fe\" rel=\"tag\">Santa Fe<\/a> <\/div>","protected":false},"excerpt":{"rendered":"<p>Un menor con un arma y dos hechos de abuso de armas, marcaron la jornada Entre la tarde y la noche del jueves se registraron cuatro intervenciones policiales de relevancia en Rosario y P\u00e9rez: dos ataques a balazos, la aprehensi\u00f3n de un adolescente armado y un procedimiento por microtr\u00e1fico. Todos los hechos quedaron bajo investigaci\u00f3n [&hellip;]<\/p>\n","protected":false},"author":2,"featured_media":29349,"comment_status":"open","ping_status":"open","sticky":false,"template":"","format":"standard","meta":{"_joinchat":[],"footnotes":""},"categories":[15,11,21,14],"tags":[95,55,65],"class_list":["post-29348","post","type-post","status-publish","format-standard","has-post-thumbnail","hentry","category-balaceras","category-detenidos","category-noticias","category-policiales","tag-noticias-de-rosario","tag-rosario","tag-santa-fe"],"_links":{"self":[{"href":"https:\/\/www.rosarioalerta.com.ar\/site\/wp-json\/wp\/v2\/posts\/29348","targetHints":{"allow":["GET"]}}],"collection":[{"href":"https:\/\/www.rosarioalerta.com.ar\/site\/wp-json\/wp\/v2\/posts"}],"about":[{"href":"https:\/\/www.rosarioalerta.com.ar\/site\/wp-json\/wp\/v2\/types\/post"}],"author":[{"embeddable":true,"href":"https:\/\/www.rosarioalerta.com.ar\/site\/wp-json\/wp\/v2\/users\/2"}],"replies":[{"embeddable":true,"href":"https:\/\/www.rosarioalerta.com.ar\/site\/wp-json\/wp\/v2\/comments?post=29348"}],"version-history":[{"count":1,"href":"https:\/\/www.rosarioalerta.com.ar\/site\/wp-json\/wp\/v2\/posts\/29348\/revisions"}],"predecessor-version":[{"id":29352,"href":"https:\/\/www.rosarioalerta.com.ar\/site\/wp-json\/wp\/v2\/posts\/29348\/revisions\/29352"}],"wp:featuredmedia":[{"embeddable":true,"href":"https:\/\/www.rosarioalerta.com.ar\/site\/wp-json\/wp\/v2\/media\/29349"}],"wp:attachment":[{"href":"https:\/\/www.rosarioalerta.com.ar\/site\/wp-json\/wp\/v2\/media?parent=29348"}],"wp:term":[{"taxonomy":"category","embeddable":true,"href":"https:\/\/www.rosarioalerta.com.ar\/site\/wp-json\/wp\/v2\/categories?post=29348"},{"taxonomy":"post_tag","embeddable":true,"href":"https:\/\/www.rosarioalerta.com.ar\/site\/wp-json\/wp\/v2\/tags?post=29348"}],"curies":[{"name":"wp","href":"https:\/\/api.w.org\/{rel}","templated":true}]}}