{"id":29336,"date":"2025-11-27T12:44:05","date_gmt":"2025-11-27T15:44:05","guid":{"rendered":"https:\/\/www.rosarioalerta.com.ar\/site\/?p=29336"},"modified":"2025-11-27T12:44:06","modified_gmt":"2025-11-27T15:44:06","slug":"choco-un-auto-estacionado-y-dio-positivo-de-cocaina","status":"publish","type":"post","link":"https:\/\/www.rosarioalerta.com.ar\/site\/archivos\/29336","title":{"rendered":"Choc\u00f3 un auto estacionado y dio positivo de coca\u00edna"},"content":{"rendered":"\n<p>Remitieron el auto al corral\u00f3n y le quitaron el carnet<\/p>\n\n\n\n<p>Un conductor impact\u00f3 contra un veh\u00edculo detenido en <strong>Provincias Unidas y Eva Per\u00f3n <\/strong>y colision\u00f3 a un tercero. Agentes municipales <strong>realizaron el test de narcolemia y confirmaron resultado positivo<\/strong>. El auto fue remitido al corral\u00f3n y el caso qued\u00f3 a disposici\u00f3n del Tribunal de Faltas.<\/p>\n\n\n\n<p>Un siniestro vial registrado este jueves en la intersecci\u00f3n de <strong>Provincias Unidas y Eva Per\u00f3n<\/strong> activ\u00f3 la intervenci\u00f3n de la Polic\u00eda y de la Secretar\u00eda de Control municipal. Seg\u00fan los primeros datos, un conductor perdi\u00f3 el dominio de su veh\u00edculo, colisiona a otro y termina embistiendo a un auto estacionado sobre Eva Per\u00f3n, en un hecho que dej\u00f3 da\u00f1os materiales pero ninguna persona herida.<\/p>\n\n\n\n<p>La Polic\u00eda arrib\u00f3 en primer lugar y, conforme a los protocolos vigentes, solicit\u00f3 la presencia de agentes municipales para evaluar la situaci\u00f3n del conductor involucrado.<\/p>\n\n\n\n<p>Minutos despu\u00e9s lleg\u00f3 personal de la <strong>Direcci\u00f3n de Tr\u00e1nsito<\/strong>, que realiz\u00f3 los controles obligatorios. El test de <strong>narcolemia<\/strong> arroj\u00f3 <strong>resultado positivo<\/strong> de <strong>coca\u00edna<\/strong>, confirmando que el hombre circulaba bajo los efectos de estupefacientes. Por este motivo, el veh\u00edculo fue secuestrado y trasladado al corral\u00f3n municipal, mientras que se labraron las actas correspondientes.<\/p>\n\n\n\n<p>No hubo v\u00edctimas directas del choque, pero s\u00ed da\u00f1os visibles en el autom\u00f3vil estacionado, cuyo propietario se encontraba ausente al momento del impacto.<\/p>\n\n\n\n<p>Todas las actuaciones fueron remitidas al <strong>Tribunal de Faltas<\/strong>, que deber\u00e1 definir la sanci\u00f3n para el conductor, la cual <strong>podr\u00eda incluir multas, inhabilitaci\u00f3n y otras medidas contempladas en las normativas vigentes<\/strong>.<\/p>\n\n\n\n<p>El secretario de Control y Convivencia, Diego Herrera, destac\u00f3 el trabajo articulado y la importancia del control permanente:<br>\u201cEstamos presentes y controlando todos los d\u00edas y a toda hora. Eso nos permite llegar al instante a situaciones como \u00e9sta. Necesitamos responsabilidad al conducir. Conductas de este tipo ponen en riesgo la vida de cualquier persona y no lo vamos a permitir. Vamos a caer con todo el peso de las ordenanzas\u201d, afirm\u00f3.<\/p>\n\n\n\n<p>El episodio vuelve a poner en foco la necesidad de una conducci\u00f3n responsable y el rol clave de los controles municipales para prevenir siniestros. La investigaci\u00f3n administrativa continuar\u00e1, mientras el Tribunal de Faltas define la sanci\u00f3n correspondiente.<\/p>\n<div class=\"newspaper-x-tags\"><strong>TAGS: <\/strong><span><a href=\"https:\/\/www.rosarioalerta.com.ar\/site\/archivos\/tag\/noticias-de-rosario\" rel=\"tag\">Noticias de Rosario<\/a><\/span><a href=\"https:\/\/www.rosarioalerta.com.ar\/site\/archivos\/tag\/rosario\" rel=\"tag\">Rosario<\/a><\/span><a href=\"https:\/\/www.rosarioalerta.com.ar\/site\/archivos\/tag\/santa-fe\" rel=\"tag\">Santa Fe<\/a> <\/div>","protected":false},"excerpt":{"rendered":"<p>Remitieron el auto al corral\u00f3n y le quitaron el carnet Un conductor impact\u00f3 contra un veh\u00edculo detenido en Provincias Unidas y Eva Per\u00f3n y colision\u00f3 a un tercero. Agentes municipales realizaron el test de narcolemia y confirmaron resultado positivo. El auto fue remitido al corral\u00f3n y el caso qued\u00f3 a disposici\u00f3n del Tribunal de Faltas. [&hellip;]<\/p>\n","protected":false},"author":2,"featured_media":29337,"comment_status":"open","ping_status":"open","sticky":false,"template":"","format":"standard","meta":{"_joinchat":[],"footnotes":""},"categories":[21,14,10],"tags":[95,55,65],"class_list":["post-29336","post","type-post","status-publish","format-standard","has-post-thumbnail","hentry","category-noticias","category-policiales","category-siniestros-viales","tag-noticias-de-rosario","tag-rosario","tag-santa-fe"],"_links":{"self":[{"href":"https:\/\/www.rosarioalerta.com.ar\/site\/wp-json\/wp\/v2\/posts\/29336","targetHints":{"allow":["GET"]}}],"collection":[{"href":"https:\/\/www.rosarioalerta.com.ar\/site\/wp-json\/wp\/v2\/posts"}],"about":[{"href":"https:\/\/www.rosarioalerta.com.ar\/site\/wp-json\/wp\/v2\/types\/post"}],"author":[{"embeddable":true,"href":"https:\/\/www.rosarioalerta.com.ar\/site\/wp-json\/wp\/v2\/users\/2"}],"replies":[{"embeddable":true,"href":"https:\/\/www.rosarioalerta.com.ar\/site\/wp-json\/wp\/v2\/comments?post=29336"}],"version-history":[{"count":1,"href":"https:\/\/www.rosarioalerta.com.ar\/site\/wp-json\/wp\/v2\/posts\/29336\/revisions"}],"predecessor-version":[{"id":29338,"href":"https:\/\/www.rosarioalerta.com.ar\/site\/wp-json\/wp\/v2\/posts\/29336\/revisions\/29338"}],"wp:featuredmedia":[{"embeddable":true,"href":"https:\/\/www.rosarioalerta.com.ar\/site\/wp-json\/wp\/v2\/media\/29337"}],"wp:attachment":[{"href":"https:\/\/www.rosarioalerta.com.ar\/site\/wp-json\/wp\/v2\/media?parent=29336"}],"wp:term":[{"taxonomy":"category","embeddable":true,"href":"https:\/\/www.rosarioalerta.com.ar\/site\/wp-json\/wp\/v2\/categories?post=29336"},{"taxonomy":"post_tag","embeddable":true,"href":"https:\/\/www.rosarioalerta.com.ar\/site\/wp-json\/wp\/v2\/tags?post=29336"}],"curies":[{"name":"wp","href":"https:\/\/api.w.org\/{rel}","templated":true}]}}