{"id":29278,"date":"2025-11-25T21:45:57","date_gmt":"2025-11-26T00:45:57","guid":{"rendered":"https:\/\/www.rosarioalerta.com.ar\/site\/?p=29278"},"modified":"2025-11-25T21:46:03","modified_gmt":"2025-11-26T00:46:03","slug":"rescate-en-villa-manuelita","status":"publish","type":"post","link":"https:\/\/www.rosarioalerta.com.ar\/site\/archivos\/29278","title":{"rendered":"Rescate en Villa Manuelita"},"content":{"rendered":"\n<p>Agentes municipales salvaron a un perro que viv\u00eda atado y sin cuidados<\/p>\n\n\n\n<p>Un operativo conjunto de \u00e1reas municipales y provinciales permiti\u00f3 rescatar a un perro que permanec\u00eda atado, sin resguardo y en malas condiciones de salud en una vivienda de Villa Manuelita. El animal fue trasladado al Imusa, donde se recupera.<\/p>\n\n\n\n<p>Agentes de <strong>Protecci\u00f3n Animal de la Secretar\u00eda de Control municipal<\/strong> intervinieron tras una <strong>denuncia vecinal ingresada al 147<\/strong>, que alertaba sobre un perro que permanec\u00eda a la intemperie en un patio de una vivienda de barrio <strong>Villa Manuelita<\/strong>. La situaci\u00f3n indicaba falta de higiene, posibles s\u00edntomas de enfermedad y una sujeci\u00f3n con una soga extremadamente corta. El operativo cont\u00f3 con el acompa\u00f1amiento de la <strong>Direcci\u00f3n de Control Urbano,<\/strong> personal provincial del \u00e1rea de Trabajo y la polic\u00eda.<\/p>\n\n\n\n<p>Seg\u00fan fuentes oficiales, el can fue encontrado con diversas afecciones, sin atenci\u00f3n veterinaria y expuesto al sol y la lluvia atado con una cuerda de menos de un metro. Aunque inicialmente se otorg\u00f3 un plazo a los responsables para mejorar las condiciones, el incumplimiento motiv\u00f3 el retiro definitivo del animal para resguardar su bienestar. Actualmente se encuentra en recuperaci\u00f3n en el Imusa, donde recibe asistencia veterinaria y contenci\u00f3n. El municipio inform\u00f3 que se est\u00e1 buscando un hogar transitorio para continuar con su rehabilitaci\u00f3n.<\/p>\n\n\n\n<p>El secretario de Control municipal, Diego Herrera, remarc\u00f3 que este tipo de denuncias son fundamentales para prevenir situaciones de maltrato:<br>&#8220;Volvemos a insistir en que no vamos a tolerar actos que pongan en riesgo la vida animal. Pedimos a los vecinos que sigan denunciando y comprometi\u00e9ndose&#8221;, afirm\u00f3.<\/p>\n\n\n\n<p>Por su parte, Sabrina Latino, responsable de la Oficina Municipal de Protecci\u00f3n y Bienestar Animal, destac\u00f3 el compromiso sostenido del \u00e1rea:<br>&#8220;Son parte de nuestra familia. Vamos a seguir trabajando para que no se repitan estos casos&#8221;.<\/p>\n\n\n\n<p>El rescate evidencia el rol clave de la comunidad y los organismos p\u00fablicos para abordar el maltrato animal. Las autoridades reiteraron que cualquier situaci\u00f3n similar debe denunciarse al 147.<\/p>\n<div class=\"newspaper-x-tags\"><strong>TAGS: <\/strong><span><a href=\"https:\/\/www.rosarioalerta.com.ar\/site\/archivos\/tag\/noticias-de-rosario\" rel=\"tag\">Noticias de Rosario<\/a><\/span><a href=\"https:\/\/www.rosarioalerta.com.ar\/site\/archivos\/tag\/rosario\" rel=\"tag\">Rosario<\/a><\/span><a href=\"https:\/\/www.rosarioalerta.com.ar\/site\/archivos\/tag\/santa-fe\" rel=\"tag\">Santa Fe<\/a> <\/div>","protected":false},"excerpt":{"rendered":"<p>Agentes municipales salvaron a un perro que viv\u00eda atado y sin cuidados Un operativo conjunto de \u00e1reas municipales y provinciales permiti\u00f3 rescatar a un perro que permanec\u00eda atado, sin resguardo y en malas condiciones de salud en una vivienda de Villa Manuelita. El animal fue trasladado al Imusa, donde se recupera. Agentes de Protecci\u00f3n Animal [&hellip;]<\/p>\n","protected":false},"author":2,"featured_media":29279,"comment_status":"open","ping_status":"open","sticky":false,"template":"","format":"standard","meta":{"_joinchat":[],"footnotes":""},"categories":[21,14,8],"tags":[95,55,65],"class_list":["post-29278","post","type-post","status-publish","format-standard","has-post-thumbnail","hentry","category-noticias","category-policiales","category-proteccion-de-animales","tag-noticias-de-rosario","tag-rosario","tag-santa-fe"],"_links":{"self":[{"href":"https:\/\/www.rosarioalerta.com.ar\/site\/wp-json\/wp\/v2\/posts\/29278","targetHints":{"allow":["GET"]}}],"collection":[{"href":"https:\/\/www.rosarioalerta.com.ar\/site\/wp-json\/wp\/v2\/posts"}],"about":[{"href":"https:\/\/www.rosarioalerta.com.ar\/site\/wp-json\/wp\/v2\/types\/post"}],"author":[{"embeddable":true,"href":"https:\/\/www.rosarioalerta.com.ar\/site\/wp-json\/wp\/v2\/users\/2"}],"replies":[{"embeddable":true,"href":"https:\/\/www.rosarioalerta.com.ar\/site\/wp-json\/wp\/v2\/comments?post=29278"}],"version-history":[{"count":1,"href":"https:\/\/www.rosarioalerta.com.ar\/site\/wp-json\/wp\/v2\/posts\/29278\/revisions"}],"predecessor-version":[{"id":29280,"href":"https:\/\/www.rosarioalerta.com.ar\/site\/wp-json\/wp\/v2\/posts\/29278\/revisions\/29280"}],"wp:featuredmedia":[{"embeddable":true,"href":"https:\/\/www.rosarioalerta.com.ar\/site\/wp-json\/wp\/v2\/media\/29279"}],"wp:attachment":[{"href":"https:\/\/www.rosarioalerta.com.ar\/site\/wp-json\/wp\/v2\/media?parent=29278"}],"wp:term":[{"taxonomy":"category","embeddable":true,"href":"https:\/\/www.rosarioalerta.com.ar\/site\/wp-json\/wp\/v2\/categories?post=29278"},{"taxonomy":"post_tag","embeddable":true,"href":"https:\/\/www.rosarioalerta.com.ar\/site\/wp-json\/wp\/v2\/tags?post=29278"}],"curies":[{"name":"wp","href":"https:\/\/api.w.org\/{rel}","templated":true}]}}