{"id":29255,"date":"2025-11-25T07:08:49","date_gmt":"2025-11-25T10:08:49","guid":{"rendered":"https:\/\/www.rosarioalerta.com.ar\/site\/?p=29255"},"modified":"2025-11-25T07:09:04","modified_gmt":"2025-11-25T10:09:04","slug":"la-defensa-de-reifenstuel-alega-psicosis","status":"publish","type":"post","link":"https:\/\/www.rosarioalerta.com.ar\/site\/archivos\/29255","title":{"rendered":"La defensa de Reifenstuel alega psicosis"},"content":{"rendered":"\n<p>Una nueva maniobra se destapa en una preliminar sobre el caso Garcilazo<\/p>\n\n\n\n<p>En plena audiencia preliminar por el crimen de <strong>Ivana Garcilazo<\/strong>, la querella advirti\u00f3 que uno de los principales acusados present\u00f3 un informe psicol\u00f3gico que menciona indicios de psicosis. Para los representantes de la familia, se trata de una estrategia dilatoria.<\/p>\n\n\n\n<p>El avance judicial por el crimen de <strong>Ivana Garcilazo<\/strong> \u2014la joven hincha de <strong>Rosario Central<\/strong> asesinada a piedrazos el 30 de septiembre de 2023 en <strong>Ov Lagos y Montevideo<\/strong>\u2014 atraviesa una etapa clave. Esta semana se reanuda la audiencia preliminar, instancia que definir\u00e1 si la causa queda en condiciones de llegar al juicio oral y p\u00fablico. El proceso, que ya arrastra varias demoras, volvi\u00f3 a sacudirse este lunes con la presentaci\u00f3n de un informe psicol\u00f3gico por parte de la defensa de uno de los imputados: <strong>Dami\u00e1n Reifenstuel<\/strong>.<\/p>\n\n\n\n<p><strong>Ivana de 21 a\u00f1os<\/strong>, muri\u00f3 tras ser atacada en medio de la desconcentraci\u00f3n de un partido. Desde entonces, su familia reclama que los responsables enfrenten a la Justicia sin m\u00e1s dilaciones. Entre los acusados, <strong>Reifenstuel<\/strong> es una figura clave. Estuvo pr\u00f3fugo durante m\u00e1s de un a\u00f1o en <strong>Bolivia<\/strong>, donde \u2014seg\u00fan detall\u00f3 la querella\u2014 se habr\u00eda cambiado el nombre y trabajado dando clases bajo una identidad falsa. Hoy, con 46 a\u00f1os, argumenta que padece psicosis.<\/p>\n\n\n\n<p>El abogado de la familia <strong>Garcilazo<\/strong>, Marcos Cella, sostuvo que la defensa del imputado present\u00f3 un informe de un psic\u00f3logo que asegura haber detectado indicios de psicosis. Sin embargo, el letrado cuestion\u00f3 la veracidad del planteo: \u201cNunca hubo se\u00f1ales. Se fug\u00f3, se camufl\u00f3, minti\u00f3 a directivos y alumnos. Para nosotros es una treta m\u00e1s\u201d, afirm\u00f3.<br><strong>Cella<\/strong> explic\u00f3 que el pedido complica el ritmo de la preliminar, que ya deber\u00eda estar cerca de concluir. Aun as\u00ed, calcula que el juicio podr\u00eda concretarse a comienzos de 2026. Este martes, desde las 13, la audiencia se retomar\u00e1 en la sala 8 del Centro de Justicia Penal, con los tres imputados \u2014<strong>Reifenstuel, Cabrera y Mass\u00f3n<\/strong>\u2014 conectados por videoconferencia.<br>El fiscal Lisandro Artacho anticip\u00f3 que solicitar\u00e1 una pena de <strong>30 a\u00f1os de prisi\u00f3n para cada uno.<\/strong><\/p>\n\n\n\n<p>A casi dos a\u00f1os del crimen, la familia de <strong>Ivana<\/strong> espera que la Justicia avance sin nuevas demoras. En un expediente marcado por estrategias defensivas y maniobras que cuestiona la querella, la definici\u00f3n sobre la salud mental de <strong>Reifenstuel<\/strong> abre otro cap\u00edtulo de tensiones en un caso que sigue a la espera de respuestas y de un juicio que determine responsabilidades.<\/p>\n<div class=\"newspaper-x-tags\"><strong>TAGS: <\/strong><span><a href=\"https:\/\/www.rosarioalerta.com.ar\/site\/archivos\/tag\/ariel-cabrera\" rel=\"tag\">Ariel Cabrera<\/a><\/span><a href=\"https:\/\/www.rosarioalerta.com.ar\/site\/archivos\/tag\/damian-reinfestuel\" rel=\"tag\">Dami\u00e1n Reinfestuel<\/a><\/span><a href=\"https:\/\/www.rosarioalerta.com.ar\/site\/archivos\/tag\/ivana-garcilazo\" rel=\"tag\">Ivana Garcilazo<\/a><\/span><a href=\"https:\/\/www.rosarioalerta.com.ar\/site\/archivos\/tag\/juan-carlos-masson\" rel=\"tag\">Juan Carlos Mass\u00f3n<\/a><\/span><a href=\"https:\/\/www.rosarioalerta.com.ar\/site\/archivos\/tag\/noticias-de-rosario\" rel=\"tag\">Noticias de Rosario<\/a><\/span><a href=\"https:\/\/www.rosarioalerta.com.ar\/site\/archivos\/tag\/rosario\" rel=\"tag\">Rosario<\/a><\/span><a href=\"https:\/\/www.rosarioalerta.com.ar\/site\/archivos\/tag\/santa-fe\" rel=\"tag\">Santa Fe<\/a> <\/div>","protected":false},"excerpt":{"rendered":"<p>Una nueva maniobra se destapa en una preliminar sobre el caso Garcilazo En plena audiencia preliminar por el crimen de Ivana Garcilazo, la querella advirti\u00f3 que uno de los principales acusados present\u00f3 un informe psicol\u00f3gico que menciona indicios de psicosis. Para los representantes de la familia, se trata de una estrategia dilatoria. El avance judicial [&hellip;]<\/p>\n","protected":false},"author":2,"featured_media":29256,"comment_status":"open","ping_status":"open","sticky":false,"template":"","format":"standard","meta":{"_joinchat":[],"footnotes":""},"categories":[13,21],"tags":[437,445,439,1296,95,55,65],"class_list":["post-29255","post","type-post","status-publish","format-standard","has-post-thumbnail","hentry","category-judiciales","category-noticias","tag-ariel-cabrera","tag-damian-reinfestuel","tag-ivana-garcilazo","tag-juan-carlos-masson","tag-noticias-de-rosario","tag-rosario","tag-santa-fe"],"_links":{"self":[{"href":"https:\/\/www.rosarioalerta.com.ar\/site\/wp-json\/wp\/v2\/posts\/29255","targetHints":{"allow":["GET"]}}],"collection":[{"href":"https:\/\/www.rosarioalerta.com.ar\/site\/wp-json\/wp\/v2\/posts"}],"about":[{"href":"https:\/\/www.rosarioalerta.com.ar\/site\/wp-json\/wp\/v2\/types\/post"}],"author":[{"embeddable":true,"href":"https:\/\/www.rosarioalerta.com.ar\/site\/wp-json\/wp\/v2\/users\/2"}],"replies":[{"embeddable":true,"href":"https:\/\/www.rosarioalerta.com.ar\/site\/wp-json\/wp\/v2\/comments?post=29255"}],"version-history":[{"count":1,"href":"https:\/\/www.rosarioalerta.com.ar\/site\/wp-json\/wp\/v2\/posts\/29255\/revisions"}],"predecessor-version":[{"id":29257,"href":"https:\/\/www.rosarioalerta.com.ar\/site\/wp-json\/wp\/v2\/posts\/29255\/revisions\/29257"}],"wp:featuredmedia":[{"embeddable":true,"href":"https:\/\/www.rosarioalerta.com.ar\/site\/wp-json\/wp\/v2\/media\/29256"}],"wp:attachment":[{"href":"https:\/\/www.rosarioalerta.com.ar\/site\/wp-json\/wp\/v2\/media?parent=29255"}],"wp:term":[{"taxonomy":"category","embeddable":true,"href":"https:\/\/www.rosarioalerta.com.ar\/site\/wp-json\/wp\/v2\/categories?post=29255"},{"taxonomy":"post_tag","embeddable":true,"href":"https:\/\/www.rosarioalerta.com.ar\/site\/wp-json\/wp\/v2\/tags?post=29255"}],"curies":[{"name":"wp","href":"https:\/\/api.w.org\/{rel}","templated":true}]}}