{"id":29192,"date":"2025-11-20T21:21:59","date_gmt":"2025-11-21T00:21:59","guid":{"rendered":"https:\/\/www.rosarioalerta.com.ar\/site\/?p=29192"},"modified":"2025-11-20T21:22:00","modified_gmt":"2025-11-21T00:22:00","slug":"santa-fe-marco-su-cifra-mas-baja-de-muertes-viales-en-17-anos","status":"publish","type":"post","link":"https:\/\/www.rosarioalerta.com.ar\/site\/archivos\/29192","title":{"rendered":"Santa Fe marc\u00f3 su cifra m\u00e1s baja de muertes viales en 17 a\u00f1os"},"content":{"rendered":"\n<p>El balance provincial de 2024 mostr\u00f3 una baja del 39% en v\u00edctimas fatales desde 2008<\/p>\n\n\n\n<p>La provincia de Santa Fe present\u00f3 este jueves el <strong>Informe Estad\u00edstico de Siniestros con Fallecidos<\/strong>, correspondiente al <strong>cierre de 2024 y a la serie hist\u00f3rica 2008\u20132024. <\/strong>El reporte, elaborado por el <strong>Observatorio Vial de la Agencia Provincial de Seguridad Vial<\/strong> (APSV), confirm\u00f3 que el a\u00f1o pasado registr\u00f3 la cifra m\u00e1s baja de muertes viales en casi dos d\u00e9cadas. La mejora se observa tanto en n\u00fameros absolutos como en tasas de mortalidad.<\/p>\n\n\n\n<p>Durante <strong>2024<\/strong> se contabilizaron <strong>339 hechos<\/strong> que provocaron <strong>367 fallecidos<\/strong>, <strong>un 16,4% menos que en 2023<\/strong>. El descenso m\u00e1s marcado se dio entre motociclistas, con una reducci\u00f3n del 29,6%, aunque contin\u00faan siendo el grupo m\u00e1s vulnerable y el que mayor cantidad de v\u00edctimas aporta. <strong>La franja m\u00e1s afectada sigue siendo la de 20 a 49 a\u00f1os<\/strong>, y <strong>seis de cada diez usuarios de motos fallecidos no llevaban casco<\/strong>. Tambi\u00e9n se registr\u00f3 una <strong>baja del 22,8% en muertes de automovilistas<\/strong>, <strong>mientras que aument\u00f3 la incidencia en veh\u00edculos pesados, utilitarios y bicicletas.<\/strong><\/p>\n\n\n\n<p>Los datos tambi\u00e9n muestran que el <strong>64,5% de los fallecidos se producen en rutas y autopistas, donde las velocidades mayores generan impactos<\/strong> m\u00e1s severos. Aun as\u00ed, la red provincial, pese a quintuplicar en kil\u00f3metros a la nacional, registra un n\u00famero de v\u00edctimas considerablemente menor.<\/p>\n\n\n\n<p>Las autoridades provinciales remarcaron que la baja no es casual. El secretario de la APSV, <strong>Carlos Torres<\/strong>, asegur\u00f3 que los avances responden a un trabajo sostenido en controles, planificaci\u00f3n y obras orientadas a reducir riesgos. Desde el Ministerio de Justicia y Seguridad, <strong>Esteban Santantino <\/strong>destac\u00f3 la importancia de la metodolog\u00eda del <strong>Observatorio Vial,<\/strong> que permite identificar zonas cr\u00edticas y orientar medidas. A su vez, profesionales y v\u00edctimas destacaron las instancias de formaci\u00f3n y acompa\u00f1amiento que fortalecen la prevenci\u00f3n.<\/p>\n\n\n\n<p>Con una reducci\u00f3n <strong>acumulada del 39,2% desde 2008<\/strong> y <strong>una tendencia a la baja que contin\u00faa en 2025<\/strong> \u2014<strong>253 fallecidos al 31 de octubre<\/strong>\u2014, Santa Fe se encamina a cerrar otro a\u00f1o con mejoras en seguridad vial. Las autoridades insisten en que sostener estos resultados requiere continuidad pol\u00edtica y compromiso ciudadano.<\/p>\n<div class=\"newspaper-x-tags\"><strong>TAGS: <\/strong><span><a href=\"https:\/\/www.rosarioalerta.com.ar\/site\/archivos\/tag\/noticias-de-rosario\" rel=\"tag\">Noticias de Rosario<\/a><\/span><a href=\"https:\/\/www.rosarioalerta.com.ar\/site\/archivos\/tag\/rosario\" rel=\"tag\">Rosario<\/a><\/span><a href=\"https:\/\/www.rosarioalerta.com.ar\/site\/archivos\/tag\/santa-fe\" rel=\"tag\">Santa Fe<\/a> <\/div>","protected":false},"excerpt":{"rendered":"<p>El balance provincial de 2024 mostr\u00f3 una baja del 39% en v\u00edctimas fatales desde 2008 La provincia de Santa Fe present\u00f3 este jueves el Informe Estad\u00edstico de Siniestros con Fallecidos, correspondiente al cierre de 2024 y a la serie hist\u00f3rica 2008\u20132024. El reporte, elaborado por el Observatorio Vial de la Agencia Provincial de Seguridad Vial [&hellip;]<\/p>\n","protected":false},"author":2,"featured_media":29193,"comment_status":"open","ping_status":"open","sticky":false,"template":"","format":"standard","meta":{"_joinchat":[],"footnotes":""},"categories":[18,21,19,10],"tags":[95,55,65],"class_list":["post-29192","post","type-post","status-publish","format-standard","has-post-thumbnail","hentry","category-institucional","category-noticias","category-seguridad-vial","category-siniestros-viales","tag-noticias-de-rosario","tag-rosario","tag-santa-fe"],"_links":{"self":[{"href":"https:\/\/www.rosarioalerta.com.ar\/site\/wp-json\/wp\/v2\/posts\/29192","targetHints":{"allow":["GET"]}}],"collection":[{"href":"https:\/\/www.rosarioalerta.com.ar\/site\/wp-json\/wp\/v2\/posts"}],"about":[{"href":"https:\/\/www.rosarioalerta.com.ar\/site\/wp-json\/wp\/v2\/types\/post"}],"author":[{"embeddable":true,"href":"https:\/\/www.rosarioalerta.com.ar\/site\/wp-json\/wp\/v2\/users\/2"}],"replies":[{"embeddable":true,"href":"https:\/\/www.rosarioalerta.com.ar\/site\/wp-json\/wp\/v2\/comments?post=29192"}],"version-history":[{"count":1,"href":"https:\/\/www.rosarioalerta.com.ar\/site\/wp-json\/wp\/v2\/posts\/29192\/revisions"}],"predecessor-version":[{"id":29194,"href":"https:\/\/www.rosarioalerta.com.ar\/site\/wp-json\/wp\/v2\/posts\/29192\/revisions\/29194"}],"wp:featuredmedia":[{"embeddable":true,"href":"https:\/\/www.rosarioalerta.com.ar\/site\/wp-json\/wp\/v2\/media\/29193"}],"wp:attachment":[{"href":"https:\/\/www.rosarioalerta.com.ar\/site\/wp-json\/wp\/v2\/media?parent=29192"}],"wp:term":[{"taxonomy":"category","embeddable":true,"href":"https:\/\/www.rosarioalerta.com.ar\/site\/wp-json\/wp\/v2\/categories?post=29192"},{"taxonomy":"post_tag","embeddable":true,"href":"https:\/\/www.rosarioalerta.com.ar\/site\/wp-json\/wp\/v2\/tags?post=29192"}],"curies":[{"name":"wp","href":"https:\/\/api.w.org\/{rel}","templated":true}]}}