{"id":29157,"date":"2025-11-19T16:03:03","date_gmt":"2025-11-19T19:03:03","guid":{"rendered":"https:\/\/www.rosarioalerta.com.ar\/site\/?p=29157"},"modified":"2025-11-19T16:03:06","modified_gmt":"2025-11-19T19:03:06","slug":"siete-detenidos-tras-las-balaceras-del-lunes","status":"publish","type":"post","link":"https:\/\/www.rosarioalerta.com.ar\/site\/archivos\/29157","title":{"rendered":"Siete detenidos tras las balaceras del lunes"},"content":{"rendered":"\n<p>Adem\u00e1s secuestraron armas y drogas<\/p>\n\n\n\n<p>Operativos coordinados entre la <strong>PDI, el MPA, fuerzas provinciales y federales<\/strong> dejaron como saldo <strong>siete aprehendidos<\/strong>, adem\u00e1s <strong>de armas, drogas y material clave<\/strong> para diversas investigaciones. <strong>Participaron m\u00e1s de 500 efectivos<\/strong> en una acci\u00f3n desplegada durante la madrugada.<\/p>\n\n\n\n<p>Desde la madrugada de este mi\u00e9rcoles, <strong>Rosario<\/strong> volvi\u00f3 a ser escenario de un <strong>megaoperativo policial<\/strong>. En total, <strong>se realizaron 53 allanamientos<\/strong> ordenados por el <strong>Ministerio P\u00fablico de la Acusaci\u00f3n<\/strong> (MPA) y ejecutados por la <strong>Polic\u00eda de Investigaciones<\/strong> (PDI), con apoyo de grupos t\u00e1cticos provinciales y fuerzas federales. El <strong>despliegue abarc\u00f3 zonas norte y sur de la ciudad y moviliz\u00f3 a 542 agentes y 148 m\u00f3viles en simult\u00e1neo<\/strong>, en el marco de diversas causas vinculadas a balaceras, amenazas y microtr\u00e1fico.<\/p>\n\n\n\n<p>Los procedimientos derivaron en <strong>siete detenciones<\/strong>: seis de ellas por las causas investigadas y una por contar con pedido de captura activo. No se registraron heridos durante los operativos. Entre los elementos secuestrados se encuentran <strong>armas de fuego, cartucher\u00eda, estupefacientes, dinero en efectivo y celulares,<\/strong> considerados por los fiscales como piezas clave para reconstruir comunicaciones y roles dentro de presuntas organizaciones delictivas.<\/p>\n\n\n\n<p>En conferencia de prensa, el secretario de Seguridad P\u00fablica, Omar Pereira, destac\u00f3 que la acci\u00f3n fue resultado del trabajo conjunto entre el MPA y las fuerzas federales. Asegur\u00f3 que estos procedimientos \u201cser\u00e1n frecuentes\u201d, en l\u00ednea con el incremento de investigaciones impulsado por la incorporaci\u00f3n de nuevos fiscales.<br>La directora general de la PDI, <strong>Eva Cainelli<\/strong>, se\u00f1al\u00f3 que el material incautado tiene \u201calto valor probatorio\u201d, ya que se relaciona directamente con causas de microtr\u00e1fico, amenazas y abuso de arma.<br>Consultado sobre las balaceras ocurridas el pasado lunes, Pereira adelant\u00f3 que existen \u201cvarias hip\u00f3tesis en estudio\u201d, aunque evit\u00f3 profundizar para no entorpecer las pesquisas.<\/p>\n\n\n\n<p>Los allanamientos se enmarcan en una estrategia de continuidad operativa que el Gobierno provincial sostiene desde fines de 2023, con r\u00e9cord de procedimientos y una reconfiguraci\u00f3n activa de territorios y liderazgos criminales. Mientras avanza el an\u00e1lisis de la evidencia, la Justicia deber\u00e1 determinar el grado de participaci\u00f3n de los detenidos en los hechos recientes.<\/p>\n<div class=\"newspaper-x-tags\"><strong>TAGS: <\/strong><span><a href=\"https:\/\/www.rosarioalerta.com.ar\/site\/archivos\/tag\/noticias-de-rosario\" rel=\"tag\">Noticias de Rosario<\/a><\/span><a href=\"https:\/\/www.rosarioalerta.com.ar\/site\/archivos\/tag\/rosario\" rel=\"tag\">Rosario<\/a><\/span><a href=\"https:\/\/www.rosarioalerta.com.ar\/site\/archivos\/tag\/santa-fe\" rel=\"tag\">Santa Fe<\/a> <\/div>","protected":false},"excerpt":{"rendered":"<p>Adem\u00e1s secuestraron armas y drogas Operativos coordinados entre la PDI, el MPA, fuerzas provinciales y federales dejaron como saldo siete aprehendidos, adem\u00e1s de armas, drogas y material clave para diversas investigaciones. Participaron m\u00e1s de 500 efectivos en una acci\u00f3n desplegada durante la madrugada. Desde la madrugada de este mi\u00e9rcoles, Rosario volvi\u00f3 a ser escenario de [&hellip;]<\/p>\n","protected":false},"author":2,"featured_media":29158,"comment_status":"open","ping_status":"open","sticky":false,"template":"","format":"standard","meta":{"_joinchat":[],"footnotes":""},"categories":[12,15,11,21,14],"tags":[95,55,65],"class_list":["post-29157","post","type-post","status-publish","format-standard","has-post-thumbnail","hentry","category-allanamientos","category-balaceras","category-detenidos","category-noticias","category-policiales","tag-noticias-de-rosario","tag-rosario","tag-santa-fe"],"_links":{"self":[{"href":"https:\/\/www.rosarioalerta.com.ar\/site\/wp-json\/wp\/v2\/posts\/29157","targetHints":{"allow":["GET"]}}],"collection":[{"href":"https:\/\/www.rosarioalerta.com.ar\/site\/wp-json\/wp\/v2\/posts"}],"about":[{"href":"https:\/\/www.rosarioalerta.com.ar\/site\/wp-json\/wp\/v2\/types\/post"}],"author":[{"embeddable":true,"href":"https:\/\/www.rosarioalerta.com.ar\/site\/wp-json\/wp\/v2\/users\/2"}],"replies":[{"embeddable":true,"href":"https:\/\/www.rosarioalerta.com.ar\/site\/wp-json\/wp\/v2\/comments?post=29157"}],"version-history":[{"count":1,"href":"https:\/\/www.rosarioalerta.com.ar\/site\/wp-json\/wp\/v2\/posts\/29157\/revisions"}],"predecessor-version":[{"id":29159,"href":"https:\/\/www.rosarioalerta.com.ar\/site\/wp-json\/wp\/v2\/posts\/29157\/revisions\/29159"}],"wp:featuredmedia":[{"embeddable":true,"href":"https:\/\/www.rosarioalerta.com.ar\/site\/wp-json\/wp\/v2\/media\/29158"}],"wp:attachment":[{"href":"https:\/\/www.rosarioalerta.com.ar\/site\/wp-json\/wp\/v2\/media?parent=29157"}],"wp:term":[{"taxonomy":"category","embeddable":true,"href":"https:\/\/www.rosarioalerta.com.ar\/site\/wp-json\/wp\/v2\/categories?post=29157"},{"taxonomy":"post_tag","embeddable":true,"href":"https:\/\/www.rosarioalerta.com.ar\/site\/wp-json\/wp\/v2\/tags?post=29157"}],"curies":[{"name":"wp","href":"https:\/\/api.w.org\/{rel}","templated":true}]}}