{"id":29097,"date":"2025-11-17T19:38:29","date_gmt":"2025-11-17T22:38:29","guid":{"rendered":"https:\/\/www.rosarioalerta.com.ar\/site\/?p=29097"},"modified":"2025-11-18T06:48:18","modified_gmt":"2025-11-18T09:48:18","slug":"cinco-heridos-en-dos-ataques-a-plena-luz-del-dia","status":"publish","type":"post","link":"https:\/\/www.rosarioalerta.com.ar\/site\/archivos\/29097","title":{"rendered":"Cinco heridos en dos ataques a plena luz del d\u00eda"},"content":{"rendered":"\n<p>Una de las balaceras tuvo lugar en zona sur, la otra en el oeste<\/p>\n\n\n\n<p>Dos balaceras a una hora de diferencia dejaron un saldo de cinco heridos en <strong>Presidente Quintana al 3900<\/strong> y en <strong>Parque Oeste<\/strong>. La Polic\u00eda investiga si los hechos est\u00e1n vinculados y trabaja con las primeras evidencias recolectadas.<\/p>\n\n\n\n<p>Un violento episodio se desat\u00f3 este lunes por la tarde en la zona sur de Rosario, cuando dos j\u00f3venes ingresaron al <strong>Hospital Roque S\u00e1enz Pe\u00f1a<\/strong> con heridas de arma de fuego. Eran trasladados en un Peugeot bord\u00f3 por un hombre que, seg\u00fan relataron fuentes policiales, los llev\u00f3 directo a la guardia del <strong>Hospital Roque S\u00e1enz Pe\u00f1a<\/strong>, cuando pasaron las 16.30. El ataque habr\u00eda ocurrido en <strong>Presidente Quintana y Chacabuco<\/strong>, aunque por ahora se desconoce la mec\u00e1nica del hecho.<\/p>\n\n\n\n<p>En la escena, el personal actuante hall\u00f3 una vaina servida y solicit\u00f3 la presencia del <strong>Gabinete Cient\u00edfico<\/strong> para el relevamiento bal\u00edstico. Testigos indicaron que los presuntos atacantes ser\u00edan dos hombres a bordo de una motocicleta naranja. Las v\u00edctimas \u2014seg\u00fan versiones que se intentan corroborar\u2014 ser\u00edan familiares de referentes con pasado en la barra brava rojinegra y v\u00ednculos con el narcotr\u00e1fico, dado que se tratar\u00edan de los hijos de <strong>Rub\u00e9n Alberto &#8220;Curu&#8221; C\u00e9sar y Rosa Camino<\/strong>, <strong>Rub\u00e9n y Joana<\/strong>, junto a Rosa, que recibi\u00f3 una herida por roce en la pierna, aunque las autoridades todav\u00eda no lo confirmaron oficialmente.<\/p>\n\n\n\n<p>Una hora m\u00e1s tarde, un nuevo tiroteo volvi\u00f3 a sacudir a la ciudad: en la zona de <strong>Parque Oeste<\/strong>, donde opera una conocida banda delictiva,- <strong>Los Tripi<\/strong>&#8211; y donde tres personas resultaron baleadas. El episodio ocurri\u00f3 en la intersecci\u00f3n de <strong>Felipe Mor\u00e9 y Garay<\/strong>, tras un aviso a la <strong>Central de Emergencias del 911,<\/strong> que advert\u00eda disparos al aire efectuados por cuatro motociclistas en dos rodados de alta cilindrada. Al llegar, los uniformados encontraron unas diez vainas servidas.<\/p>\n\n\n\n<p>Las v\u00edctimas \u2014dos hombres y una mujer\u2014 fueron trasladadas al <strong>HECA<\/strong>. Si bien ingresaron conscientes, su estado de salud a\u00fan no fue precisado. Sobre este ataque trascendi\u00f3 que se tratar\u00eda el punto de reuni\u00f3n de <strong>Fernando Andr\u00e9s \u201cEl Colo\u201d Cappelletti<\/strong>, quien era lavador de dinero del juego clandestino y en septiembre fue capturado, tras ser uno de los 10 pr\u00f3fugos m\u00e1s buscado, tras estar siendo investigado como colaborador de <strong>Lisandro \u201cLim\u00f3n\u201d Contreras<\/strong>, ya detenido, se\u00f1alado como uno de los l\u00edderes de la banda <strong>Los Menores<\/strong>, enemigos de <strong>Los Monos<\/strong>.<\/p>\n\n\n\n<p>Un vecino narr\u00f3 lo vivido con crudeza: \u201cDos motos pasaron y tiraron a todos los que estaban ah\u00ed. A una chica la habr\u00edan herido de varios disparos. Yo ven\u00eda de buscar a mi nena de la escuela\u2026 una suerte haber caminado despacio\u201d, relat\u00f3 a este medio.<\/p>\n\n\n\n<p>La Polic\u00eda analiza c\u00e1maras y testimonios para determinar si existe v\u00ednculo entre ambos hechos.s para determinar si existe v\u00ednculo entre ambos hechos.<\/p>\n<div class=\"newspaper-x-tags\"><strong>TAGS: <\/strong><span><a href=\"https:\/\/www.rosarioalerta.com.ar\/site\/archivos\/tag\/noticias-de-rosario\" rel=\"tag\">Noticias de Rosario<\/a><\/span><a href=\"https:\/\/www.rosarioalerta.com.ar\/site\/archivos\/tag\/rosario\" rel=\"tag\">Rosario<\/a><\/span><a href=\"https:\/\/www.rosarioalerta.com.ar\/site\/archivos\/tag\/santa-fe\" rel=\"tag\">Santa Fe<\/a> <\/div>","protected":false},"excerpt":{"rendered":"<p>Una de las balaceras tuvo lugar en zona sur, la otra en el oeste Dos balaceras a una hora de diferencia dejaron un saldo de cinco heridos en Presidente Quintana al 3900 y en Parque Oeste. La Polic\u00eda investiga si los hechos est\u00e1n vinculados y trabaja con las primeras evidencias recolectadas. Un violento episodio se [&hellip;]<\/p>\n","protected":false},"author":2,"featured_media":29098,"comment_status":"open","ping_status":"open","sticky":false,"template":"","format":"standard","meta":{"_joinchat":[],"footnotes":""},"categories":[15,17,21,14],"tags":[95,55,65],"class_list":["post-29097","post","type-post","status-publish","format-standard","has-post-thumbnail","hentry","category-balaceras","category-heridos","category-noticias","category-policiales","tag-noticias-de-rosario","tag-rosario","tag-santa-fe"],"_links":{"self":[{"href":"https:\/\/www.rosarioalerta.com.ar\/site\/wp-json\/wp\/v2\/posts\/29097","targetHints":{"allow":["GET"]}}],"collection":[{"href":"https:\/\/www.rosarioalerta.com.ar\/site\/wp-json\/wp\/v2\/posts"}],"about":[{"href":"https:\/\/www.rosarioalerta.com.ar\/site\/wp-json\/wp\/v2\/types\/post"}],"author":[{"embeddable":true,"href":"https:\/\/www.rosarioalerta.com.ar\/site\/wp-json\/wp\/v2\/users\/2"}],"replies":[{"embeddable":true,"href":"https:\/\/www.rosarioalerta.com.ar\/site\/wp-json\/wp\/v2\/comments?post=29097"}],"version-history":[{"count":2,"href":"https:\/\/www.rosarioalerta.com.ar\/site\/wp-json\/wp\/v2\/posts\/29097\/revisions"}],"predecessor-version":[{"id":29107,"href":"https:\/\/www.rosarioalerta.com.ar\/site\/wp-json\/wp\/v2\/posts\/29097\/revisions\/29107"}],"wp:featuredmedia":[{"embeddable":true,"href":"https:\/\/www.rosarioalerta.com.ar\/site\/wp-json\/wp\/v2\/media\/29098"}],"wp:attachment":[{"href":"https:\/\/www.rosarioalerta.com.ar\/site\/wp-json\/wp\/v2\/media?parent=29097"}],"wp:term":[{"taxonomy":"category","embeddable":true,"href":"https:\/\/www.rosarioalerta.com.ar\/site\/wp-json\/wp\/v2\/categories?post=29097"},{"taxonomy":"post_tag","embeddable":true,"href":"https:\/\/www.rosarioalerta.com.ar\/site\/wp-json\/wp\/v2\/tags?post=29097"}],"curies":[{"name":"wp","href":"https:\/\/api.w.org\/{rel}","templated":true}]}}